{"id":7182,"date":"2022-07-19T09:02:21","date_gmt":"2022-07-19T07:02:21","guid":{"rendered":"https:\/\/www.viap.es\/es-modifiquen-els-criteris-per-a-laplicacio-duna-restriccio-temporal-de-desplacaments-no-essencials-des-de-tercers-paisos\/"},"modified":"2022-09-06T11:24:38","modified_gmt":"2022-09-06T09:24:38","slug":"es-modifiquen-els-criteris-per-a-laplicacio-duna-restriccio-temporal-de-desplacaments-no-essencials-des-de-tercers-paisos","status":"publish","type":"post","link":"https:\/\/www.viap.es\/ca\/es-modifiquen-els-criteris-per-a-laplicacio-duna-restriccio-temporal-de-desplacaments-no-essencials-des-de-tercers-paisos\/","title":{"rendered":"Es modifiquen els criteris per a l&#8217;aplicaci\u00f3 d&#8217;una restricci\u00f3 temporal de despla\u00e7aments no essencials des de tercers pa\u00efsos"},"content":{"rendered":"<p>El 30 de juny de 2020, a les 24:00, els efectes de l&#8217;Ordre INT\/551\/2020, de 21 de juny, amplien els criteris per a l&#8217;aplicaci\u00f3 d&#8217;una restricci\u00f3 temporal sobre despla\u00e7aments no essencials de tercers pa\u00efsos a la Uni\u00f3 Europea i els pa\u00efsos de l&#8217;estranger associats a Schengen.<\/p>\n<p>Pel que fa a la llista de tercers pa\u00efsos, la refer\u00e8ncia ha d&#8217;entendre&#8217;s com a resid\u00e8ncia all\u00e0, no a la possessi\u00f3 de la nacionalitat d&#8217;aquests pa\u00efsos. L&#8217;aixecament de restriccions no s&#8217;ha de considerar efectiu immediatament, sin\u00f3 que ha d&#8217;estar subjecte a criteris de progressivitat i reciprocitat. Per aquest motiu, la llista completa dels pa\u00efsos continguts en la recomanaci\u00f3 del Consell, que es pret\u00e9n aconseguir progressivament, s&#8217;inclou \u00e9s\u00a0 aquest ordre .<\/p>\n<ol>\n<li>Argelia,<\/li>\n<li>Austr\u00e0lia,<\/li>\n<li>Canad\u00e0,<\/li>\n<li>Ge\u00f2rgia,<\/li>\n<li>Jap\u00f3n,<\/li>\n<li>Montenegro,<\/li>\n<li>Marroc,<\/li>\n<li>Nova Zelanda,<\/li>\n<li>&#8216;s ruining,<\/li>\n<li>sebia,<\/li>\n<li>Corea del Sud,<\/li>\n<li>Tailandia,<\/li>\n<li>Tun.<\/li>\n<li>Uruguai,<\/li>\n<li>Xina,INT\/551\/2020<\/li>\n<\/ol>\n<h3>Ser\u00e0 sotmesa a denegaci\u00f3 d&#8217;entrada, tota persona nacional d&#8217;un tercer pa\u00eds, llevat que pertanyi a una de les seg\u00fcents categories<\/h3>\n<p>\t\t<Ol><br \/>\n <Li> Residents a la Uni\u00f3 Europea, els Estats associats Schengen, Andorra, M\u00f2naco, El Vatic\u00e0 (Santa Seu) o San Marino. <\/ Li><br \/>\n <Li> Titulars d&#8217;un visat de llarga durada expedit per un Estat membre o Estat associat Schengen. <\/ Li><br \/>\n <Li> Treballadors transfronterers. <\/ Li><br \/>\n <Li> Professionals de la salut, inclosos investigadors sanitaris, i professionals de la cura de gent gran que es dirigeixin o tornin d&#8217;exercir la seva activitat laboral. <\/ Li><br \/>\n <Li> Personal de transport, marins i el personal aeron\u00e0utic necessari per dur a terme les activitats de transport aeri. <\/ Li><br \/>\n <Li> Personal diplom\u00e0tic, consular, d&#8217;organitzacions internacionals, militars, de protecci\u00f3 civil i membres d&#8217;organitzacions humanit\u00e0ries, en l&#8217;exercici de les seves funcions. <\/ Li><br \/>\n <Li> Estudiants que realitzen els seus estudis als Estats membres o estats associats Schengen i que disposin de l&#8217;corresponent perm\u00eds o visat. <\/ Li><br \/>\n <Li> Treballadors altament qualificats la tasca sigui necess\u00e0ria i no pugui ser posposada o realitzada a dist\u00e0ncia, incloent els participants en proves esportives d&#8217;alt nivell que tinguin lloc a Espanya. Aquestes circumst\u00e0ncies s&#8217;hauran de justificar documentalment <\/ li><br \/>\n <Li> Persones que viatgin per motius familiars imperatius degudament acreditats. <\/ Li><br \/>\n <Li> Persones que acreditin documentalment motius de for\u00e7a major o situaci\u00f3 de necessitat, o l&#8217;entrada es permeti per motius humanitaris. <\/ Li><br \/>\n <Li> Treballadors de temporada de el sector agr\u00edcola. <\/ Li><br \/>\n <Li> Residents en els pa\u00efsos que figuren a l&#8217;annex. En el cas dels residents d&#8217;Alg\u00e8ria, la Xina i el Marroc, subjectes a el principi de reciprocitat. Per resoluci\u00f3 de la persona titular de l&#8217;Ministeri de l&#8217;Interior, es podr\u00e0 modificar aquest annex. <\/ Li><br \/>\n<\/ Ol><br \/>\nPer tal de no haver de rec\u00f3rrer a l&#8217;procediment administratiu de denegaci\u00f3 d&#8217;entrada en els casos que preveu l&#8217;apartat anterior, es col\u00b7laborar\u00e0 amb els transportistes i les autoritats dels Estats ve\u00efns a fi que no es permeti el viatge.<br \/>\nEl que disposen els apartats anteriors no \u00e9s aplicable a la frontera terrestre amb Andorra ni en el lloc de control de persones amb el territori de Gibraltar.<br \/>\nEls tr\u00e0nsits aeroportuaris que no impliquin encreuament de frontera exterior no es veuran modificats pel que disposa aquesta ordre.<br \/>\nTot l&#8217;anterior s&#8217;ha d&#8217;entendre sense perjudici del que disposa la normativa espanyola i de la Uni\u00f3 Europea sobre protecci\u00f3 internacional.\t\t<\/p>\n<h3>Descarregar el BOE complet<\/h3>\n<p>\t\t\t<a href=\"https:\/\/www.viap.es\/wp-content\/uploads\/2020\/07\/BOE-A-2020-7140.pdf\" target=\"_blank\" role=\"button\" rel=\"noopener noreferrer\"><br \/>\n\t\t\t\t\t\tDESCARREGAR<br \/>\n\t\t\t\t\t<\/a><\/p>\n","protected":false},"excerpt":{"rendered":"<p>El 30 de juny de 2020, a les 24:00, els efectes de l&#8217;Ordre INT\/551\/2020, de 21 de juny, amplien els criteris per a l&#8217;aplicaci\u00f3 d&#8217;una restricci\u00f3 temporal sobre despla\u00e7aments no essencials de tercers pa\u00efsos a la Uni\u00f3 Europea i els pa\u00efsos de l&#8217;estranger associats a Schengen. Pel que fa a la llista de tercers pa\u00efsos, [&hellip;]<\/p>\n","protected":false},"author":1,"featured_media":7107,"comment_status":"closed","ping_status":"closed","sticky":false,"template":"","format":"standard","meta":{"footnotes":""},"categories":[48],"tags":[],"class_list":["post-7182","post","type-post","status-publish","format-standard","has-post-thumbnail","hentry","category-uncategorized-ca"],"acf":[],"yoast_head":"<!-- This site is optimized with the Yoast SEO plugin v27.5 - https:\/\/yoast.com\/product\/yoast-seo-wordpress\/ -->\n<title>Es modifiquen els criteris per a l&#039;aplicaci\u00f3 d&#039;una restricci\u00f3 temporal de despla\u00e7aments no essencials des de tercers pa\u00efsos - Viap Travel<\/title>\n<meta name=\"robots\" content=\"index, follow, max-snippet:-1, max-image-preview:large, max-video-preview:-1\" \/>\n<link rel=\"canonical\" href=\"https:\/\/www.viap.es\/ca\/es-modifiquen-els-criteris-per-a-laplicacio-duna-restriccio-temporal-de-desplacaments-no-essencials-des-de-tercers-paisos\/\" \/>\n<meta property=\"og:locale\" content=\"ca_ES\" \/>\n<meta property=\"og:type\" content=\"article\" \/>\n<meta property=\"og:title\" content=\"Es modifiquen els criteris per a l&#039;aplicaci\u00f3 d&#039;una restricci\u00f3 temporal de despla\u00e7aments no essencials des de tercers pa\u00efsos - Viap Travel\" \/>\n<meta property=\"og:description\" content=\"El 30 de juny de 2020, a les 24:00, els efectes de l&#8217;Ordre INT\/551\/2020, de 21 de juny, amplien els criteris per a l&#8217;aplicaci\u00f3 d&#8217;una restricci\u00f3 temporal sobre despla\u00e7aments no essencials de tercers pa\u00efsos a la Uni\u00f3 Europea i els pa\u00efsos de l&#8217;estranger associats a Schengen. Pel que fa a la llista de tercers pa\u00efsos, [&hellip;]\" \/>\n<meta property=\"og:url\" content=\"https:\/\/www.viap.es\/ca\/es-modifiquen-els-criteris-per-a-laplicacio-duna-restriccio-temporal-de-desplacaments-no-essencials-des-de-tercers-paisos\/\" \/>\n<meta property=\"og:site_name\" content=\"Viap Travel\" \/>\n<meta property=\"article:published_time\" content=\"2022-07-19T07:02:21+00:00\" \/>\n<meta property=\"article:modified_time\" content=\"2022-09-06T09:24:38+00:00\" \/>\n<meta property=\"og:image\" content=\"https:\/\/www.viap.es\/wp-content\/uploads\/2022\/07\/1366_2000.jpg\" \/>\n\t<meta property=\"og:image:width\" content=\"1366\" \/>\n\t<meta property=\"og:image:height\" content=\"741\" \/>\n\t<meta property=\"og:image:type\" content=\"image\/jpeg\" \/>\n<meta name=\"author\" content=\"VIAP travel\" \/>\n<meta name=\"twitter:card\" content=\"summary_large_image\" \/>\n<meta name=\"twitter:label1\" content=\"Escrit per\" \/>\n\t<meta name=\"twitter:data1\" content=\"VIAP travel\" \/>\n\t<meta name=\"twitter:label2\" content=\"Temps estimat de lectura\" \/>\n\t<meta name=\"twitter:data2\" content=\"3 minuts\" \/>\n<script type=\"application\/ld+json\" class=\"yoast-schema-graph\">{\"@context\":\"https:\\\/\\\/schema.org\",\"@graph\":[{\"@type\":\"Article\",\"@id\":\"https:\\\/\\\/www.viap.es\\\/ca\\\/es-modifiquen-els-criteris-per-a-laplicacio-duna-restriccio-temporal-de-desplacaments-no-essencials-des-de-tercers-paisos\\\/#article\",\"isPartOf\":{\"@id\":\"https:\\\/\\\/www.viap.es\\\/ca\\\/es-modifiquen-els-criteris-per-a-laplicacio-duna-restriccio-temporal-de-desplacaments-no-essencials-des-de-tercers-paisos\\\/\"},\"author\":{\"name\":\"VIAP travel\",\"@id\":\"https:\\\/\\\/www.viap.es\\\/ca\\\/#\\\/schema\\\/person\\\/c7e1b78ddd2eb45cdb1f9cdfb6a887d4\"},\"headline\":\"Es modifiquen els criteris per a l&#8217;aplicaci\u00f3 d&#8217;una restricci\u00f3 temporal de despla\u00e7aments no essencials des de tercers pa\u00efsos\",\"datePublished\":\"2022-07-19T07:02:21+00:00\",\"dateModified\":\"2022-09-06T09:24:38+00:00\",\"mainEntityOfPage\":{\"@id\":\"https:\\\/\\\/www.viap.es\\\/ca\\\/es-modifiquen-els-criteris-per-a-laplicacio-duna-restriccio-temporal-de-desplacaments-no-essencials-des-de-tercers-paisos\\\/\"},\"wordCount\":574,\"publisher\":{\"@id\":\"https:\\\/\\\/www.viap.es\\\/ca\\\/#organization\"},\"image\":{\"@id\":\"https:\\\/\\\/www.viap.es\\\/ca\\\/es-modifiquen-els-criteris-per-a-laplicacio-duna-restriccio-temporal-de-desplacaments-no-essencials-des-de-tercers-paisos\\\/#primaryimage\"},\"thumbnailUrl\":\"https:\\\/\\\/www.viap.es\\\/wp-content\\\/uploads\\\/2022\\\/07\\\/1366_2000.jpg\",\"articleSection\":[\"Uncategorized @ca\"],\"inLanguage\":\"ca\"},{\"@type\":\"WebPage\",\"@id\":\"https:\\\/\\\/www.viap.es\\\/ca\\\/es-modifiquen-els-criteris-per-a-laplicacio-duna-restriccio-temporal-de-desplacaments-no-essencials-des-de-tercers-paisos\\\/\",\"url\":\"https:\\\/\\\/www.viap.es\\\/ca\\\/es-modifiquen-els-criteris-per-a-laplicacio-duna-restriccio-temporal-de-desplacaments-no-essencials-des-de-tercers-paisos\\\/\",\"name\":\"Es modifiquen els criteris per a l'aplicaci\u00f3 d'una restricci\u00f3 temporal de despla\u00e7aments no essencials des de tercers pa\u00efsos - Viap Travel\",\"isPartOf\":{\"@id\":\"https:\\\/\\\/www.viap.es\\\/ca\\\/#website\"},\"primaryImageOfPage\":{\"@id\":\"https:\\\/\\\/www.viap.es\\\/ca\\\/es-modifiquen-els-criteris-per-a-laplicacio-duna-restriccio-temporal-de-desplacaments-no-essencials-des-de-tercers-paisos\\\/#primaryimage\"},\"image\":{\"@id\":\"https:\\\/\\\/www.viap.es\\\/ca\\\/es-modifiquen-els-criteris-per-a-laplicacio-duna-restriccio-temporal-de-desplacaments-no-essencials-des-de-tercers-paisos\\\/#primaryimage\"},\"thumbnailUrl\":\"https:\\\/\\\/www.viap.es\\\/wp-content\\\/uploads\\\/2022\\\/07\\\/1366_2000.jpg\",\"datePublished\":\"2022-07-19T07:02:21+00:00\",\"dateModified\":\"2022-09-06T09:24:38+00:00\",\"breadcrumb\":{\"@id\":\"https:\\\/\\\/www.viap.es\\\/ca\\\/es-modifiquen-els-criteris-per-a-laplicacio-duna-restriccio-temporal-de-desplacaments-no-essencials-des-de-tercers-paisos\\\/#breadcrumb\"},\"inLanguage\":\"ca\",\"potentialAction\":[{\"@type\":\"ReadAction\",\"target\":[\"https:\\\/\\\/www.viap.es\\\/ca\\\/es-modifiquen-els-criteris-per-a-laplicacio-duna-restriccio-temporal-de-desplacaments-no-essencials-des-de-tercers-paisos\\\/\"]}]},{\"@type\":\"ImageObject\",\"inLanguage\":\"ca\",\"@id\":\"https:\\\/\\\/www.viap.es\\\/ca\\\/es-modifiquen-els-criteris-per-a-laplicacio-duna-restriccio-temporal-de-desplacaments-no-essencials-des-de-tercers-paisos\\\/#primaryimage\",\"url\":\"https:\\\/\\\/www.viap.es\\\/wp-content\\\/uploads\\\/2022\\\/07\\\/1366_2000.jpg\",\"contentUrl\":\"https:\\\/\\\/www.viap.es\\\/wp-content\\\/uploads\\\/2022\\\/07\\\/1366_2000.jpg\",\"width\":1366,\"height\":741},{\"@type\":\"BreadcrumbList\",\"@id\":\"https:\\\/\\\/www.viap.es\\\/ca\\\/es-modifiquen-els-criteris-per-a-laplicacio-duna-restriccio-temporal-de-desplacaments-no-essencials-des-de-tercers-paisos\\\/#breadcrumb\",\"itemListElement\":[{\"@type\":\"ListItem\",\"position\":1,\"name\":\"Portada\",\"item\":\"https:\\\/\\\/www.viap.es\\\/ca\\\/\"},{\"@type\":\"ListItem\",\"position\":2,\"name\":\"Es modifiquen els criteris per a l&#8217;aplicaci\u00f3 d&#8217;una restricci\u00f3 temporal de despla\u00e7aments no essencials des de tercers pa\u00efsos\"}]},{\"@type\":\"WebSite\",\"@id\":\"https:\\\/\\\/www.viap.es\\\/ca\\\/#website\",\"url\":\"https:\\\/\\\/www.viap.es\\\/ca\\\/\",\"name\":\"Viap Travel\",\"description\":\"Viap Travel\",\"publisher\":{\"@id\":\"https:\\\/\\\/www.viap.es\\\/ca\\\/#organization\"},\"potentialAction\":[{\"@type\":\"SearchAction\",\"target\":{\"@type\":\"EntryPoint\",\"urlTemplate\":\"https:\\\/\\\/www.viap.es\\\/ca\\\/?s={search_term_string}\"},\"query-input\":{\"@type\":\"PropertyValueSpecification\",\"valueRequired\":true,\"valueName\":\"search_term_string\"}}],\"inLanguage\":\"ca\"},{\"@type\":\"Organization\",\"@id\":\"https:\\\/\\\/www.viap.es\\\/ca\\\/#organization\",\"name\":\"Viap Travel\",\"url\":\"https:\\\/\\\/www.viap.es\\\/ca\\\/\",\"logo\":{\"@type\":\"ImageObject\",\"inLanguage\":\"ca\",\"@id\":\"https:\\\/\\\/www.viap.es\\\/ca\\\/#\\\/schema\\\/logo\\\/image\\\/\",\"url\":\"https:\\\/\\\/www.viap.es\\\/wp-content\\\/uploads\\\/2022\\\/06\\\/logo.png\",\"contentUrl\":\"https:\\\/\\\/www.viap.es\\\/wp-content\\\/uploads\\\/2022\\\/06\\\/logo.png\",\"width\":263,\"height\":48,\"caption\":\"Viap Travel\"},\"image\":{\"@id\":\"https:\\\/\\\/www.viap.es\\\/ca\\\/#\\\/schema\\\/logo\\\/image\\\/\"}},{\"@type\":\"Person\",\"@id\":\"https:\\\/\\\/www.viap.es\\\/ca\\\/#\\\/schema\\\/person\\\/c7e1b78ddd2eb45cdb1f9cdfb6a887d4\",\"name\":\"VIAP travel\",\"image\":{\"@type\":\"ImageObject\",\"inLanguage\":\"ca\",\"@id\":\"https:\\\/\\\/secure.gravatar.com\\\/avatar\\\/68a600ff6193d794e4405699184772d5e948d6a70af4bb852363bbb600ddcf1e?s=96&d=mm&r=g\",\"url\":\"https:\\\/\\\/secure.gravatar.com\\\/avatar\\\/68a600ff6193d794e4405699184772d5e948d6a70af4bb852363bbb600ddcf1e?s=96&d=mm&r=g\",\"contentUrl\":\"https:\\\/\\\/secure.gravatar.com\\\/avatar\\\/68a600ff6193d794e4405699184772d5e948d6a70af4bb852363bbb600ddcf1e?s=96&d=mm&r=g\",\"caption\":\"VIAP travel\"}}]}<\/script>\n<!-- \/ Yoast SEO plugin. -->","yoast_head_json":{"title":"Es modifiquen els criteris per a l'aplicaci\u00f3 d'una restricci\u00f3 temporal de despla\u00e7aments no essencials des de tercers pa\u00efsos - Viap Travel","robots":{"index":"index","follow":"follow","max-snippet":"max-snippet:-1","max-image-preview":"max-image-preview:large","max-video-preview":"max-video-preview:-1"},"canonical":"https:\/\/www.viap.es\/ca\/es-modifiquen-els-criteris-per-a-laplicacio-duna-restriccio-temporal-de-desplacaments-no-essencials-des-de-tercers-paisos\/","og_locale":"ca_ES","og_type":"article","og_title":"Es modifiquen els criteris per a l'aplicaci\u00f3 d'una restricci\u00f3 temporal de despla\u00e7aments no essencials des de tercers pa\u00efsos - Viap Travel","og_description":"El 30 de juny de 2020, a les 24:00, els efectes de l&#8217;Ordre INT\/551\/2020, de 21 de juny, amplien els criteris per a l&#8217;aplicaci\u00f3 d&#8217;una restricci\u00f3 temporal sobre despla\u00e7aments no essencials de tercers pa\u00efsos a la Uni\u00f3 Europea i els pa\u00efsos de l&#8217;estranger associats a Schengen. Pel que fa a la llista de tercers pa\u00efsos, [&hellip;]","og_url":"https:\/\/www.viap.es\/ca\/es-modifiquen-els-criteris-per-a-laplicacio-duna-restriccio-temporal-de-desplacaments-no-essencials-des-de-tercers-paisos\/","og_site_name":"Viap Travel","article_published_time":"2022-07-19T07:02:21+00:00","article_modified_time":"2022-09-06T09:24:38+00:00","og_image":[{"width":1366,"height":741,"url":"https:\/\/www.viap.es\/wp-content\/uploads\/2022\/07\/1366_2000.jpg","type":"image\/jpeg"}],"author":"VIAP travel","twitter_card":"summary_large_image","twitter_misc":{"Escrit per":"VIAP travel","Temps estimat de lectura":"3 minuts"},"schema":{"@context":"https:\/\/schema.org","@graph":[{"@type":"Article","@id":"https:\/\/www.viap.es\/ca\/es-modifiquen-els-criteris-per-a-laplicacio-duna-restriccio-temporal-de-desplacaments-no-essencials-des-de-tercers-paisos\/#article","isPartOf":{"@id":"https:\/\/www.viap.es\/ca\/es-modifiquen-els-criteris-per-a-laplicacio-duna-restriccio-temporal-de-desplacaments-no-essencials-des-de-tercers-paisos\/"},"author":{"name":"VIAP travel","@id":"https:\/\/www.viap.es\/ca\/#\/schema\/person\/c7e1b78ddd2eb45cdb1f9cdfb6a887d4"},"headline":"Es modifiquen els criteris per a l&#8217;aplicaci\u00f3 d&#8217;una restricci\u00f3 temporal de despla\u00e7aments no essencials des de tercers pa\u00efsos","datePublished":"2022-07-19T07:02:21+00:00","dateModified":"2022-09-06T09:24:38+00:00","mainEntityOfPage":{"@id":"https:\/\/www.viap.es\/ca\/es-modifiquen-els-criteris-per-a-laplicacio-duna-restriccio-temporal-de-desplacaments-no-essencials-des-de-tercers-paisos\/"},"wordCount":574,"publisher":{"@id":"https:\/\/www.viap.es\/ca\/#organization"},"image":{"@id":"https:\/\/www.viap.es\/ca\/es-modifiquen-els-criteris-per-a-laplicacio-duna-restriccio-temporal-de-desplacaments-no-essencials-des-de-tercers-paisos\/#primaryimage"},"thumbnailUrl":"https:\/\/www.viap.es\/wp-content\/uploads\/2022\/07\/1366_2000.jpg","articleSection":["Uncategorized @ca"],"inLanguage":"ca"},{"@type":"WebPage","@id":"https:\/\/www.viap.es\/ca\/es-modifiquen-els-criteris-per-a-laplicacio-duna-restriccio-temporal-de-desplacaments-no-essencials-des-de-tercers-paisos\/","url":"https:\/\/www.viap.es\/ca\/es-modifiquen-els-criteris-per-a-laplicacio-duna-restriccio-temporal-de-desplacaments-no-essencials-des-de-tercers-paisos\/","name":"Es modifiquen els criteris per a l'aplicaci\u00f3 d'una restricci\u00f3 temporal de despla\u00e7aments no essencials des de tercers pa\u00efsos - Viap Travel","isPartOf":{"@id":"https:\/\/www.viap.es\/ca\/#website"},"primaryImageOfPage":{"@id":"https:\/\/www.viap.es\/ca\/es-modifiquen-els-criteris-per-a-laplicacio-duna-restriccio-temporal-de-desplacaments-no-essencials-des-de-tercers-paisos\/#primaryimage"},"image":{"@id":"https:\/\/www.viap.es\/ca\/es-modifiquen-els-criteris-per-a-laplicacio-duna-restriccio-temporal-de-desplacaments-no-essencials-des-de-tercers-paisos\/#primaryimage"},"thumbnailUrl":"https:\/\/www.viap.es\/wp-content\/uploads\/2022\/07\/1366_2000.jpg","datePublished":"2022-07-19T07:02:21+00:00","dateModified":"2022-09-06T09:24:38+00:00","breadcrumb":{"@id":"https:\/\/www.viap.es\/ca\/es-modifiquen-els-criteris-per-a-laplicacio-duna-restriccio-temporal-de-desplacaments-no-essencials-des-de-tercers-paisos\/#breadcrumb"},"inLanguage":"ca","potentialAction":[{"@type":"ReadAction","target":["https:\/\/www.viap.es\/ca\/es-modifiquen-els-criteris-per-a-laplicacio-duna-restriccio-temporal-de-desplacaments-no-essencials-des-de-tercers-paisos\/"]}]},{"@type":"ImageObject","inLanguage":"ca","@id":"https:\/\/www.viap.es\/ca\/es-modifiquen-els-criteris-per-a-laplicacio-duna-restriccio-temporal-de-desplacaments-no-essencials-des-de-tercers-paisos\/#primaryimage","url":"https:\/\/www.viap.es\/wp-content\/uploads\/2022\/07\/1366_2000.jpg","contentUrl":"https:\/\/www.viap.es\/wp-content\/uploads\/2022\/07\/1366_2000.jpg","width":1366,"height":741},{"@type":"BreadcrumbList","@id":"https:\/\/www.viap.es\/ca\/es-modifiquen-els-criteris-per-a-laplicacio-duna-restriccio-temporal-de-desplacaments-no-essencials-des-de-tercers-paisos\/#breadcrumb","itemListElement":[{"@type":"ListItem","position":1,"name":"Portada","item":"https:\/\/www.viap.es\/ca\/"},{"@type":"ListItem","position":2,"name":"Es modifiquen els criteris per a l&#8217;aplicaci\u00f3 d&#8217;una restricci\u00f3 temporal de despla\u00e7aments no essencials des de tercers pa\u00efsos"}]},{"@type":"WebSite","@id":"https:\/\/www.viap.es\/ca\/#website","url":"https:\/\/www.viap.es\/ca\/","name":"Viap Travel","description":"Viap Travel","publisher":{"@id":"https:\/\/www.viap.es\/ca\/#organization"},"potentialAction":[{"@type":"SearchAction","target":{"@type":"EntryPoint","urlTemplate":"https:\/\/www.viap.es\/ca\/?s={search_term_string}"},"query-input":{"@type":"PropertyValueSpecification","valueRequired":true,"valueName":"search_term_string"}}],"inLanguage":"ca"},{"@type":"Organization","@id":"https:\/\/www.viap.es\/ca\/#organization","name":"Viap Travel","url":"https:\/\/www.viap.es\/ca\/","logo":{"@type":"ImageObject","inLanguage":"ca","@id":"https:\/\/www.viap.es\/ca\/#\/schema\/logo\/image\/","url":"https:\/\/www.viap.es\/wp-content\/uploads\/2022\/06\/logo.png","contentUrl":"https:\/\/www.viap.es\/wp-content\/uploads\/2022\/06\/logo.png","width":263,"height":48,"caption":"Viap Travel"},"image":{"@id":"https:\/\/www.viap.es\/ca\/#\/schema\/logo\/image\/"}},{"@type":"Person","@id":"https:\/\/www.viap.es\/ca\/#\/schema\/person\/c7e1b78ddd2eb45cdb1f9cdfb6a887d4","name":"VIAP travel","image":{"@type":"ImageObject","inLanguage":"ca","@id":"https:\/\/secure.gravatar.com\/avatar\/68a600ff6193d794e4405699184772d5e948d6a70af4bb852363bbb600ddcf1e?s=96&d=mm&r=g","url":"https:\/\/secure.gravatar.com\/avatar\/68a600ff6193d794e4405699184772d5e948d6a70af4bb852363bbb600ddcf1e?s=96&d=mm&r=g","contentUrl":"https:\/\/secure.gravatar.com\/avatar\/68a600ff6193d794e4405699184772d5e948d6a70af4bb852363bbb600ddcf1e?s=96&d=mm&r=g","caption":"VIAP travel"}}]}},"_links":{"self":[{"href":"https:\/\/www.viap.es\/ca\/wp-json\/wp\/v2\/posts\/7182","targetHints":{"allow":["GET"]}}],"collection":[{"href":"https:\/\/www.viap.es\/ca\/wp-json\/wp\/v2\/posts"}],"about":[{"href":"https:\/\/www.viap.es\/ca\/wp-json\/wp\/v2\/types\/post"}],"author":[{"embeddable":true,"href":"https:\/\/www.viap.es\/ca\/wp-json\/wp\/v2\/users\/1"}],"replies":[{"embeddable":true,"href":"https:\/\/www.viap.es\/ca\/wp-json\/wp\/v2\/comments?post=7182"}],"version-history":[{"count":0,"href":"https:\/\/www.viap.es\/ca\/wp-json\/wp\/v2\/posts\/7182\/revisions"}],"wp:featuredmedia":[{"embeddable":true,"href":"https:\/\/www.viap.es\/ca\/wp-json\/wp\/v2\/media\/7107"}],"wp:attachment":[{"href":"https:\/\/www.viap.es\/ca\/wp-json\/wp\/v2\/media?parent=7182"}],"wp:term":[{"taxonomy":"category","embeddable":true,"href":"https:\/\/www.viap.es\/ca\/wp-json\/wp\/v2\/categories?post=7182"},{"taxonomy":"post_tag","embeddable":true,"href":"https:\/\/www.viap.es\/ca\/wp-json\/wp\/v2\/tags?post=7182"}],"curies":[{"name":"wp","href":"https:\/\/api.w.org\/{rel}","templated":true}]}}