{"id":7573,"date":"2022-07-19T09:32:35","date_gmt":"2022-07-19T07:32:35","guid":{"rendered":"https:\/\/www.viap.es\/els-passatgers-de-vols-avancats-mes-duna-hora-shauran-de-compensar-segons-una-sentencia-del-tjue\/"},"modified":"2022-09-06T11:24:23","modified_gmt":"2022-09-06T09:24:23","slug":"els-passatgers-de-vols-avancats-mes-duna-hora-shauran-de-compensar-segons-una-sentencia-del-tjue","status":"publish","type":"post","link":"https:\/\/www.viap.es\/ca\/els-passatgers-de-vols-avancats-mes-duna-hora-shauran-de-compensar-segons-una-sentencia-del-tjue\/","title":{"rendered":"Els passatgers de vols avan\u00e7ats m\u00e9s d&#8217;una hora s&#8217;hauran de compensar, segons una sent\u00e8ncia del TJUE"},"content":{"rendered":"<ul>\n<li>Los pasajeros de vuelos que se hayan adelantado m\u00e1s de una hora deber\u00e1n ser compensados por las aerol\u00edneas, seg\u00fan una sentencia del TJUE.<\/li>\n<li>Si el adelanto se ha comunicado con una antelaci\u00f3n de 14 d\u00edas s\u00f3lo habr\u00e1 lugar a la devoluci\u00f3n del billete.<\/li>\n<\/ul>\n<p>El Tribunal Superior de Justicia de la Uni\u00f3n Europea (TJUE) ha dictaminado una importante sentencia que reconoce el derecho de los pasajeros a\u00e9reos en Europa a una\u00a0<strong>compensaci\u00f3n cuando sus vuelos son adelantados m\u00e1s de una hora,<\/strong>\u00a0ya que deben ser considerados como cancelados.<\/p>\n<p>Seg\u00fan dicta la sentencia, esos casos \u201cpueden resultar en\u00a0<strong>serios inconvenientes para los pasajeros, al igual que un retraso<\/strong>\u201d.<\/p>\n<p>Seg\u00fan argumenta la instituci\u00f3n, estos escenarios pueden obligar a los pasajeros a tener que adaptar sus planes de manera significativa o, incluso, perder el vuelo debido al cambio en la hora de salida.<\/p>\n<p>Adem\u00e1s, a\u00f1ade, supone para los pasajeros la p\u00e9rdida de la posibilidad de disponer libremente de su tiempo y de organizar su viaje o su estancia en funci\u00f3n de sus expectativas.<\/p>\n<p>El caso fue llevado al TJUE desde tribunales en Austria y Alemania con respecto a vuelos operados por Azurair, Corendon Airlines, Austrian Airlines, Eurowings y Laudamotion.<\/p>\n<p>La normativa de la Uni\u00f3n Europea se\u00f1ala que<strong>\u00a0los viajeros afectados por vuelos que hayan sido cancelados menos de 14 d\u00edas antes de la salida pueden reclamar una compensaci\u00f3n, al igual que los que llegan con 3 horas de retraso o son denegados el embarque por\u00a0<\/strong><em><strong>overbooking<\/strong><\/em><strong>.\u00a0<\/strong><\/p>\n<p>&nbsp;<\/p>\n<p><a title=\"5 p\u00e1ginas donde poder reclamar tus vuelos por retraso o cancelaci\u00f3n de manera gratuita\" href=\"https:\/\/www.businessinsider.es\/mejores-paginas-reclamar-vuelo-cancelado-retrasado-804901\">5 p\u00e1ginas donde poder reclamar tus vuelos por retraso o cancelaci\u00f3n de manera gratuita<\/a><\/p>\n<p>Seg\u00fan estipula la norma, las aerol\u00edneas est\u00e1n obligadas a pagar a los pasajeros\u00a0<strong>entre 250 y 600 euros\u00a0<\/strong>dependiendo de la distancia del vuelo que fuesen a tomar.<\/p>\n<p>Esta cantidad puede reducirse en un 50% si la aerol\u00ednea ofrece un cambio de ruta para que el pasajero pueda\u00a0<a title=\"As\u00ed consiguen los pilotos recuperar el tiempo perdido en vuelos con retraso\" href=\"https:\/\/www.businessinsider.es\/como-consiguen-pilotos-recuperar-tiempo-perdido-vuelos-retraso-formula-179570\">llegar sin demora a su destino final<\/a>, seg\u00fan especifica\u00a0<a href=\"https:\/\/www.hosteltur.com\/148828_los-pasajeros-seran-compensados-por-vuelos-adelantados-mas-de-una-hora.html\" target=\"_blank\" rel=\"nofollow noopener\"><em>Hosteltur<\/em><\/a>.<\/p>\n<p>Si se trata de un vuelo que se ha adelantado m\u00e1s de una hora se seguir\u00e1 el mismo tipo de compensaci\u00f3n que en los vuelos cancelados o\u00a0<a title=\"Un estudio demuestra que las aerol\u00edneas esquivan pagar indemnizaciones por retrasos alargando los tiempos de vuelo\" href=\"https:\/\/www.businessinsider.es\/estudio-demuestra-aerolineas-esquivan-pagar-indemnizaciones-294943\">retrasados<\/a>. Sin embargo, no habr\u00e1 derecho a reducir la cantidad en un 50%.<\/p>\n<p>Al igual que sucede cuando se cancela el vuelo,\u00a0<strong>si se ha comunicado con una antelaci\u00f3n de 14 d\u00edas s\u00f3lo habr\u00e1 lugar a la devoluci\u00f3n del billete.<\/strong><\/p>\n<p>El TJUE ha resuelto recientemente otro asunto en relaci\u00f3n con dichas compensaciones, como qui\u00e9n es responsable del pago cuando el billete se adquiere como parte de un viaje combinado en una agencia de viajes y no se obtiene la reserva confirmada, resultando que con posterioridad se adelanta el vuelo.<\/p>\n<p>La decisi\u00f3n del tribunal fue que cualquier documento que pueda acreditar la reserva es v\u00e1lido para que el afectado por el adelanto pueda reclamar y advierte que la compa\u00f1\u00eda a\u00e9rea es la que viene obligada a indemnizar y no la agencia.<\/p>\n","protected":false},"excerpt":{"rendered":"<p>Los pasajeros de vuelos que se hayan adelantado m\u00e1s de una hora deber\u00e1n ser compensados por las aerol\u00edneas, seg\u00fan una sentencia del TJUE. Si el adelanto se ha comunicado con una antelaci\u00f3n de 14 d\u00edas s\u00f3lo habr\u00e1 lugar a la devoluci\u00f3n del billete. El Tribunal Superior de Justicia de la Uni\u00f3n Europea (TJUE) ha dictaminado [&hellip;]<\/p>\n","protected":false},"author":1,"featured_media":7534,"comment_status":"closed","ping_status":"closed","sticky":false,"template":"","format":"standard","meta":{"footnotes":""},"categories":[48],"tags":[],"class_list":["post-7573","post","type-post","status-publish","format-standard","has-post-thumbnail","hentry","category-uncategorized-ca"],"acf":[],"yoast_head":"<!-- This site is optimized with the Yoast SEO plugin v27.5 - https:\/\/yoast.com\/product\/yoast-seo-wordpress\/ -->\n<title>Els passatgers de vols avan\u00e7ats m\u00e9s d&#039;una hora s&#039;hauran de compensar, segons una sent\u00e8ncia del TJUE - Viap Travel<\/title>\n<meta name=\"robots\" content=\"index, follow, max-snippet:-1, max-image-preview:large, max-video-preview:-1\" \/>\n<link rel=\"canonical\" href=\"https:\/\/www.viap.es\/ca\/els-passatgers-de-vols-avancats-mes-duna-hora-shauran-de-compensar-segons-una-sentencia-del-tjue\/\" \/>\n<meta property=\"og:locale\" content=\"ca_ES\" \/>\n<meta property=\"og:type\" content=\"article\" \/>\n<meta property=\"og:title\" content=\"Els passatgers de vols avan\u00e7ats m\u00e9s d&#039;una hora s&#039;hauran de compensar, segons una sent\u00e8ncia del TJUE - Viap Travel\" \/>\n<meta property=\"og:description\" content=\"Los pasajeros de vuelos que se hayan adelantado m\u00e1s de una hora deber\u00e1n ser compensados por las aerol\u00edneas, seg\u00fan una sentencia del TJUE. Si el adelanto se ha comunicado con una antelaci\u00f3n de 14 d\u00edas s\u00f3lo habr\u00e1 lugar a la devoluci\u00f3n del billete. El Tribunal Superior de Justicia de la Uni\u00f3n Europea (TJUE) ha dictaminado [&hellip;]\" \/>\n<meta property=\"og:url\" content=\"https:\/\/www.viap.es\/ca\/els-passatgers-de-vols-avancats-mes-duna-hora-shauran-de-compensar-segons-una-sentencia-del-tjue\/\" \/>\n<meta property=\"og:site_name\" content=\"Viap Travel\" \/>\n<meta property=\"article:published_time\" content=\"2022-07-19T07:32:35+00:00\" \/>\n<meta property=\"article:modified_time\" content=\"2022-09-06T09:24:23+00:00\" \/>\n<meta property=\"og:image\" content=\"https:\/\/www.viap.es\/wp-content\/uploads\/2022\/07\/6-aerop-gr.jpg\" \/>\n\t<meta property=\"og:image:width\" content=\"960\" \/>\n\t<meta property=\"og:image:height\" content=\"637\" \/>\n\t<meta property=\"og:image:type\" content=\"image\/jpeg\" \/>\n<meta name=\"author\" content=\"VIAP travel\" \/>\n<meta name=\"twitter:card\" content=\"summary_large_image\" \/>\n<meta name=\"twitter:label1\" content=\"Escrit per\" \/>\n\t<meta name=\"twitter:data1\" content=\"VIAP travel\" \/>\n\t<meta name=\"twitter:label2\" content=\"Temps estimat de lectura\" \/>\n\t<meta name=\"twitter:data2\" content=\"3 minuts\" \/>\n<script type=\"application\/ld+json\" class=\"yoast-schema-graph\">{\"@context\":\"https:\\\/\\\/schema.org\",\"@graph\":[{\"@type\":\"Article\",\"@id\":\"https:\\\/\\\/www.viap.es\\\/ca\\\/els-passatgers-de-vols-avancats-mes-duna-hora-shauran-de-compensar-segons-una-sentencia-del-tjue\\\/#article\",\"isPartOf\":{\"@id\":\"https:\\\/\\\/www.viap.es\\\/ca\\\/els-passatgers-de-vols-avancats-mes-duna-hora-shauran-de-compensar-segons-una-sentencia-del-tjue\\\/\"},\"author\":{\"name\":\"VIAP travel\",\"@id\":\"https:\\\/\\\/www.viap.es\\\/ca\\\/#\\\/schema\\\/person\\\/c7e1b78ddd2eb45cdb1f9cdfb6a887d4\"},\"headline\":\"Els passatgers de vols avan\u00e7ats m\u00e9s d&#8217;una hora s&#8217;hauran de compensar, segons una sent\u00e8ncia del TJUE\",\"datePublished\":\"2022-07-19T07:32:35+00:00\",\"dateModified\":\"2022-09-06T09:24:23+00:00\",\"mainEntityOfPage\":{\"@id\":\"https:\\\/\\\/www.viap.es\\\/ca\\\/els-passatgers-de-vols-avancats-mes-duna-hora-shauran-de-compensar-segons-una-sentencia-del-tjue\\\/\"},\"wordCount\":526,\"publisher\":{\"@id\":\"https:\\\/\\\/www.viap.es\\\/ca\\\/#organization\"},\"image\":{\"@id\":\"https:\\\/\\\/www.viap.es\\\/ca\\\/els-passatgers-de-vols-avancats-mes-duna-hora-shauran-de-compensar-segons-una-sentencia-del-tjue\\\/#primaryimage\"},\"thumbnailUrl\":\"https:\\\/\\\/www.viap.es\\\/wp-content\\\/uploads\\\/2022\\\/07\\\/6-aerop-gr.jpg\",\"articleSection\":[\"Uncategorized @ca\"],\"inLanguage\":\"ca\"},{\"@type\":\"WebPage\",\"@id\":\"https:\\\/\\\/www.viap.es\\\/ca\\\/els-passatgers-de-vols-avancats-mes-duna-hora-shauran-de-compensar-segons-una-sentencia-del-tjue\\\/\",\"url\":\"https:\\\/\\\/www.viap.es\\\/ca\\\/els-passatgers-de-vols-avancats-mes-duna-hora-shauran-de-compensar-segons-una-sentencia-del-tjue\\\/\",\"name\":\"Els passatgers de vols avan\u00e7ats m\u00e9s d'una hora s'hauran de compensar, segons una sent\u00e8ncia del TJUE - Viap Travel\",\"isPartOf\":{\"@id\":\"https:\\\/\\\/www.viap.es\\\/ca\\\/#website\"},\"primaryImageOfPage\":{\"@id\":\"https:\\\/\\\/www.viap.es\\\/ca\\\/els-passatgers-de-vols-avancats-mes-duna-hora-shauran-de-compensar-segons-una-sentencia-del-tjue\\\/#primaryimage\"},\"image\":{\"@id\":\"https:\\\/\\\/www.viap.es\\\/ca\\\/els-passatgers-de-vols-avancats-mes-duna-hora-shauran-de-compensar-segons-una-sentencia-del-tjue\\\/#primaryimage\"},\"thumbnailUrl\":\"https:\\\/\\\/www.viap.es\\\/wp-content\\\/uploads\\\/2022\\\/07\\\/6-aerop-gr.jpg\",\"datePublished\":\"2022-07-19T07:32:35+00:00\",\"dateModified\":\"2022-09-06T09:24:23+00:00\",\"breadcrumb\":{\"@id\":\"https:\\\/\\\/www.viap.es\\\/ca\\\/els-passatgers-de-vols-avancats-mes-duna-hora-shauran-de-compensar-segons-una-sentencia-del-tjue\\\/#breadcrumb\"},\"inLanguage\":\"ca\",\"potentialAction\":[{\"@type\":\"ReadAction\",\"target\":[\"https:\\\/\\\/www.viap.es\\\/ca\\\/els-passatgers-de-vols-avancats-mes-duna-hora-shauran-de-compensar-segons-una-sentencia-del-tjue\\\/\"]}]},{\"@type\":\"ImageObject\",\"inLanguage\":\"ca\",\"@id\":\"https:\\\/\\\/www.viap.es\\\/ca\\\/els-passatgers-de-vols-avancats-mes-duna-hora-shauran-de-compensar-segons-una-sentencia-del-tjue\\\/#primaryimage\",\"url\":\"https:\\\/\\\/www.viap.es\\\/wp-content\\\/uploads\\\/2022\\\/07\\\/6-aerop-gr.jpg\",\"contentUrl\":\"https:\\\/\\\/www.viap.es\\\/wp-content\\\/uploads\\\/2022\\\/07\\\/6-aerop-gr.jpg\",\"width\":960,\"height\":637},{\"@type\":\"BreadcrumbList\",\"@id\":\"https:\\\/\\\/www.viap.es\\\/ca\\\/els-passatgers-de-vols-avancats-mes-duna-hora-shauran-de-compensar-segons-una-sentencia-del-tjue\\\/#breadcrumb\",\"itemListElement\":[{\"@type\":\"ListItem\",\"position\":1,\"name\":\"Portada\",\"item\":\"https:\\\/\\\/www.viap.es\\\/ca\\\/\"},{\"@type\":\"ListItem\",\"position\":2,\"name\":\"Els passatgers de vols avan\u00e7ats m\u00e9s d&#8217;una hora s&#8217;hauran de compensar, segons una sent\u00e8ncia del TJUE\"}]},{\"@type\":\"WebSite\",\"@id\":\"https:\\\/\\\/www.viap.es\\\/ca\\\/#website\",\"url\":\"https:\\\/\\\/www.viap.es\\\/ca\\\/\",\"name\":\"Viap Travel\",\"description\":\"Viap Travel\",\"publisher\":{\"@id\":\"https:\\\/\\\/www.viap.es\\\/ca\\\/#organization\"},\"potentialAction\":[{\"@type\":\"SearchAction\",\"target\":{\"@type\":\"EntryPoint\",\"urlTemplate\":\"https:\\\/\\\/www.viap.es\\\/ca\\\/?s={search_term_string}\"},\"query-input\":{\"@type\":\"PropertyValueSpecification\",\"valueRequired\":true,\"valueName\":\"search_term_string\"}}],\"inLanguage\":\"ca\"},{\"@type\":\"Organization\",\"@id\":\"https:\\\/\\\/www.viap.es\\\/ca\\\/#organization\",\"name\":\"Viap Travel\",\"url\":\"https:\\\/\\\/www.viap.es\\\/ca\\\/\",\"logo\":{\"@type\":\"ImageObject\",\"inLanguage\":\"ca\",\"@id\":\"https:\\\/\\\/www.viap.es\\\/ca\\\/#\\\/schema\\\/logo\\\/image\\\/\",\"url\":\"https:\\\/\\\/www.viap.es\\\/wp-content\\\/uploads\\\/2022\\\/06\\\/logo.png\",\"contentUrl\":\"https:\\\/\\\/www.viap.es\\\/wp-content\\\/uploads\\\/2022\\\/06\\\/logo.png\",\"width\":263,\"height\":48,\"caption\":\"Viap Travel\"},\"image\":{\"@id\":\"https:\\\/\\\/www.viap.es\\\/ca\\\/#\\\/schema\\\/logo\\\/image\\\/\"}},{\"@type\":\"Person\",\"@id\":\"https:\\\/\\\/www.viap.es\\\/ca\\\/#\\\/schema\\\/person\\\/c7e1b78ddd2eb45cdb1f9cdfb6a887d4\",\"name\":\"VIAP travel\",\"image\":{\"@type\":\"ImageObject\",\"inLanguage\":\"ca\",\"@id\":\"https:\\\/\\\/secure.gravatar.com\\\/avatar\\\/68a600ff6193d794e4405699184772d5e948d6a70af4bb852363bbb600ddcf1e?s=96&d=mm&r=g\",\"url\":\"https:\\\/\\\/secure.gravatar.com\\\/avatar\\\/68a600ff6193d794e4405699184772d5e948d6a70af4bb852363bbb600ddcf1e?s=96&d=mm&r=g\",\"contentUrl\":\"https:\\\/\\\/secure.gravatar.com\\\/avatar\\\/68a600ff6193d794e4405699184772d5e948d6a70af4bb852363bbb600ddcf1e?s=96&d=mm&r=g\",\"caption\":\"VIAP travel\"}}]}<\/script>\n<!-- \/ Yoast SEO plugin. -->","yoast_head_json":{"title":"Els passatgers de vols avan\u00e7ats m\u00e9s d'una hora s'hauran de compensar, segons una sent\u00e8ncia del TJUE - Viap Travel","robots":{"index":"index","follow":"follow","max-snippet":"max-snippet:-1","max-image-preview":"max-image-preview:large","max-video-preview":"max-video-preview:-1"},"canonical":"https:\/\/www.viap.es\/ca\/els-passatgers-de-vols-avancats-mes-duna-hora-shauran-de-compensar-segons-una-sentencia-del-tjue\/","og_locale":"ca_ES","og_type":"article","og_title":"Els passatgers de vols avan\u00e7ats m\u00e9s d'una hora s'hauran de compensar, segons una sent\u00e8ncia del TJUE - Viap Travel","og_description":"Los pasajeros de vuelos que se hayan adelantado m\u00e1s de una hora deber\u00e1n ser compensados por las aerol\u00edneas, seg\u00fan una sentencia del TJUE. Si el adelanto se ha comunicado con una antelaci\u00f3n de 14 d\u00edas s\u00f3lo habr\u00e1 lugar a la devoluci\u00f3n del billete. El Tribunal Superior de Justicia de la Uni\u00f3n Europea (TJUE) ha dictaminado [&hellip;]","og_url":"https:\/\/www.viap.es\/ca\/els-passatgers-de-vols-avancats-mes-duna-hora-shauran-de-compensar-segons-una-sentencia-del-tjue\/","og_site_name":"Viap Travel","article_published_time":"2022-07-19T07:32:35+00:00","article_modified_time":"2022-09-06T09:24:23+00:00","og_image":[{"width":960,"height":637,"url":"https:\/\/www.viap.es\/wp-content\/uploads\/2022\/07\/6-aerop-gr.jpg","type":"image\/jpeg"}],"author":"VIAP travel","twitter_card":"summary_large_image","twitter_misc":{"Escrit per":"VIAP travel","Temps estimat de lectura":"3 minuts"},"schema":{"@context":"https:\/\/schema.org","@graph":[{"@type":"Article","@id":"https:\/\/www.viap.es\/ca\/els-passatgers-de-vols-avancats-mes-duna-hora-shauran-de-compensar-segons-una-sentencia-del-tjue\/#article","isPartOf":{"@id":"https:\/\/www.viap.es\/ca\/els-passatgers-de-vols-avancats-mes-duna-hora-shauran-de-compensar-segons-una-sentencia-del-tjue\/"},"author":{"name":"VIAP travel","@id":"https:\/\/www.viap.es\/ca\/#\/schema\/person\/c7e1b78ddd2eb45cdb1f9cdfb6a887d4"},"headline":"Els passatgers de vols avan\u00e7ats m\u00e9s d&#8217;una hora s&#8217;hauran de compensar, segons una sent\u00e8ncia del TJUE","datePublished":"2022-07-19T07:32:35+00:00","dateModified":"2022-09-06T09:24:23+00:00","mainEntityOfPage":{"@id":"https:\/\/www.viap.es\/ca\/els-passatgers-de-vols-avancats-mes-duna-hora-shauran-de-compensar-segons-una-sentencia-del-tjue\/"},"wordCount":526,"publisher":{"@id":"https:\/\/www.viap.es\/ca\/#organization"},"image":{"@id":"https:\/\/www.viap.es\/ca\/els-passatgers-de-vols-avancats-mes-duna-hora-shauran-de-compensar-segons-una-sentencia-del-tjue\/#primaryimage"},"thumbnailUrl":"https:\/\/www.viap.es\/wp-content\/uploads\/2022\/07\/6-aerop-gr.jpg","articleSection":["Uncategorized @ca"],"inLanguage":"ca"},{"@type":"WebPage","@id":"https:\/\/www.viap.es\/ca\/els-passatgers-de-vols-avancats-mes-duna-hora-shauran-de-compensar-segons-una-sentencia-del-tjue\/","url":"https:\/\/www.viap.es\/ca\/els-passatgers-de-vols-avancats-mes-duna-hora-shauran-de-compensar-segons-una-sentencia-del-tjue\/","name":"Els passatgers de vols avan\u00e7ats m\u00e9s d'una hora s'hauran de compensar, segons una sent\u00e8ncia del TJUE - Viap Travel","isPartOf":{"@id":"https:\/\/www.viap.es\/ca\/#website"},"primaryImageOfPage":{"@id":"https:\/\/www.viap.es\/ca\/els-passatgers-de-vols-avancats-mes-duna-hora-shauran-de-compensar-segons-una-sentencia-del-tjue\/#primaryimage"},"image":{"@id":"https:\/\/www.viap.es\/ca\/els-passatgers-de-vols-avancats-mes-duna-hora-shauran-de-compensar-segons-una-sentencia-del-tjue\/#primaryimage"},"thumbnailUrl":"https:\/\/www.viap.es\/wp-content\/uploads\/2022\/07\/6-aerop-gr.jpg","datePublished":"2022-07-19T07:32:35+00:00","dateModified":"2022-09-06T09:24:23+00:00","breadcrumb":{"@id":"https:\/\/www.viap.es\/ca\/els-passatgers-de-vols-avancats-mes-duna-hora-shauran-de-compensar-segons-una-sentencia-del-tjue\/#breadcrumb"},"inLanguage":"ca","potentialAction":[{"@type":"ReadAction","target":["https:\/\/www.viap.es\/ca\/els-passatgers-de-vols-avancats-mes-duna-hora-shauran-de-compensar-segons-una-sentencia-del-tjue\/"]}]},{"@type":"ImageObject","inLanguage":"ca","@id":"https:\/\/www.viap.es\/ca\/els-passatgers-de-vols-avancats-mes-duna-hora-shauran-de-compensar-segons-una-sentencia-del-tjue\/#primaryimage","url":"https:\/\/www.viap.es\/wp-content\/uploads\/2022\/07\/6-aerop-gr.jpg","contentUrl":"https:\/\/www.viap.es\/wp-content\/uploads\/2022\/07\/6-aerop-gr.jpg","width":960,"height":637},{"@type":"BreadcrumbList","@id":"https:\/\/www.viap.es\/ca\/els-passatgers-de-vols-avancats-mes-duna-hora-shauran-de-compensar-segons-una-sentencia-del-tjue\/#breadcrumb","itemListElement":[{"@type":"ListItem","position":1,"name":"Portada","item":"https:\/\/www.viap.es\/ca\/"},{"@type":"ListItem","position":2,"name":"Els passatgers de vols avan\u00e7ats m\u00e9s d&#8217;una hora s&#8217;hauran de compensar, segons una sent\u00e8ncia del TJUE"}]},{"@type":"WebSite","@id":"https:\/\/www.viap.es\/ca\/#website","url":"https:\/\/www.viap.es\/ca\/","name":"Viap Travel","description":"Viap Travel","publisher":{"@id":"https:\/\/www.viap.es\/ca\/#organization"},"potentialAction":[{"@type":"SearchAction","target":{"@type":"EntryPoint","urlTemplate":"https:\/\/www.viap.es\/ca\/?s={search_term_string}"},"query-input":{"@type":"PropertyValueSpecification","valueRequired":true,"valueName":"search_term_string"}}],"inLanguage":"ca"},{"@type":"Organization","@id":"https:\/\/www.viap.es\/ca\/#organization","name":"Viap Travel","url":"https:\/\/www.viap.es\/ca\/","logo":{"@type":"ImageObject","inLanguage":"ca","@id":"https:\/\/www.viap.es\/ca\/#\/schema\/logo\/image\/","url":"https:\/\/www.viap.es\/wp-content\/uploads\/2022\/06\/logo.png","contentUrl":"https:\/\/www.viap.es\/wp-content\/uploads\/2022\/06\/logo.png","width":263,"height":48,"caption":"Viap Travel"},"image":{"@id":"https:\/\/www.viap.es\/ca\/#\/schema\/logo\/image\/"}},{"@type":"Person","@id":"https:\/\/www.viap.es\/ca\/#\/schema\/person\/c7e1b78ddd2eb45cdb1f9cdfb6a887d4","name":"VIAP travel","image":{"@type":"ImageObject","inLanguage":"ca","@id":"https:\/\/secure.gravatar.com\/avatar\/68a600ff6193d794e4405699184772d5e948d6a70af4bb852363bbb600ddcf1e?s=96&d=mm&r=g","url":"https:\/\/secure.gravatar.com\/avatar\/68a600ff6193d794e4405699184772d5e948d6a70af4bb852363bbb600ddcf1e?s=96&d=mm&r=g","contentUrl":"https:\/\/secure.gravatar.com\/avatar\/68a600ff6193d794e4405699184772d5e948d6a70af4bb852363bbb600ddcf1e?s=96&d=mm&r=g","caption":"VIAP travel"}}]}},"_links":{"self":[{"href":"https:\/\/www.viap.es\/ca\/wp-json\/wp\/v2\/posts\/7573","targetHints":{"allow":["GET"]}}],"collection":[{"href":"https:\/\/www.viap.es\/ca\/wp-json\/wp\/v2\/posts"}],"about":[{"href":"https:\/\/www.viap.es\/ca\/wp-json\/wp\/v2\/types\/post"}],"author":[{"embeddable":true,"href":"https:\/\/www.viap.es\/ca\/wp-json\/wp\/v2\/users\/1"}],"replies":[{"embeddable":true,"href":"https:\/\/www.viap.es\/ca\/wp-json\/wp\/v2\/comments?post=7573"}],"version-history":[{"count":0,"href":"https:\/\/www.viap.es\/ca\/wp-json\/wp\/v2\/posts\/7573\/revisions"}],"wp:featuredmedia":[{"embeddable":true,"href":"https:\/\/www.viap.es\/ca\/wp-json\/wp\/v2\/media\/7534"}],"wp:attachment":[{"href":"https:\/\/www.viap.es\/ca\/wp-json\/wp\/v2\/media?parent=7573"}],"wp:term":[{"taxonomy":"category","embeddable":true,"href":"https:\/\/www.viap.es\/ca\/wp-json\/wp\/v2\/categories?post=7573"},{"taxonomy":"post_tag","embeddable":true,"href":"https:\/\/www.viap.es\/ca\/wp-json\/wp\/v2\/tags?post=7573"}],"curies":[{"name":"wp","href":"https:\/\/api.w.org\/{rel}","templated":true}]}}