{"id":7575,"date":"2022-07-19T09:32:35","date_gmt":"2022-07-19T07:32:35","guid":{"rendered":"https:\/\/www.viap.es\/the-melia-collection-estrena-el-seu-primer-hotel-a-espanya\/"},"modified":"2022-09-06T11:24:22","modified_gmt":"2022-09-06T09:24:22","slug":"the-melia-collection-estrena-el-seu-primer-hotel-a-espanya","status":"publish","type":"post","link":"https:\/\/www.viap.es\/ca\/the-melia-collection-estrena-el-seu-primer-hotel-a-espanya\/","title":{"rendered":"The Meli\u00e1 Collection estrena el seu primer hotel a Espanya"},"content":{"rendered":"<p>Ubicado en una hacienda canaria de m\u00e1s de 250 a\u00f1os, el hotel como destino ofrece espacios que estimulan la conexi\u00f3n mental y espiritual En su oferta destacan propuestas wellness, su rica gastronom\u00eda en cuatro restaurantes y el campo de golf pr\u00f3ximo, dise\u00f1ado por Ballesteros La nueva colecci\u00f3n de hoteles de Meli\u00e1 responde a la estrategia de diferenciaci\u00f3n de la cadena y como nueva v\u00eda de crecimiento Meli\u00e1 present\u00f3 en diciembre su nueva colecci\u00f3n de hoteles singulares de lujo, seg\u00fan public\u00f3 HOSTELTUR noticias de turismo, y ahora ha anunciado el primer establecimiento en Espa\u00f1a de la nueva marca, Hotel Hacienda del Conde Member of Meli\u00e1 Collection, que incorpor\u00f3 a su portfolio en 2015 (Meli\u00e1 incorpora el Meli\u00e1 Hacienda del Conde en Tenerife). Ubicado en una hacienda canaria de m\u00e1s de 250 a\u00f1os, en Isla Baja, en la parte noroccidental de la isla, este 5 estrellas gran lujo s\u00f3lo para adultos alberga 117 junior suites y suites distribuidas en diferentes edificios y alturas que recuerdan a un pueblecito t\u00edpico con la arquitectura de las casas solariegas tradicionales.<\/p>\n<p>El Hotel Hacienda del Conde Member of Meli\u00e1 Collection, el que fuera hogar del Conde de Siete Fuentes, recuerda sus or\u00edgenes con piezas de decoraci\u00f3n realizadas por artesanos locales como hilo conductor del storytelling de un establecimiento heredero de la mejor tradici\u00f3n y hospitalidad canaria.<\/p>\n<p>Construido dentro de una finca que en su momento fue base de la riqueza agr\u00edcola del municipio y ahora es parte de un Parque Natural protegido, el hotel como destino ofrece espacios que estimulan la conexi\u00f3n mental y espiritual con actividades de bienestar, rituales de agua, as\u00ed como tratamientos corporales para mimar los sentidos.<\/p>\n<p>No en vano destacan sus exclusivas\u00a0<strong>experiencias wellness<\/strong>, as\u00ed como el\u00a0<strong>campo de golf y croquet<\/strong>. Y es que apuesta por\u00a0<strong>el bienestar y por la filosof\u00eda slow<\/strong>, con una completa propuesta de tratamientos en las ocho cabinas y circuito de aguas de su\u00a0<strong>YHI Spa<\/strong>\u00a0y un exclusivo programa 360,\u00a0<strong>\u201cSignature Wellness Program designed by SUDA Experience\u201d<\/strong>, de entrenamiento de cuerpo y mente.<br \/>\nPero el hotel tambi\u00e9n quiere invitar, como ha subrayado su directora,\u00a0<strong>Mar\u00eda Bohorquez<\/strong>, \u201ca vivir una\u00a0<strong>estancia \u00fanica en destino<\/strong>, a explorar la cultura local, la gastronom\u00eda, su gente y su naturaleza.\u00a0<strong>Buenavista del Norte es una de las zonas m\u00e1s ex\u00f3ticas y desconocidas de la isla<\/strong>, y desde el hotel queremos que el viajero la conozca a pie o en bicicleta, se sumerja en su cultura vitivin\u00edcola y se nutra de toda su riqueza con\u00a0<a href=\"https:\/\/www.hosteltur.com\/tag\/experiencias\">experiencias<\/a>\u00a0que pasar\u00e1n a formar parte de su paisaje interior\u201d.<\/p>\n<blockquote><p>Rutas de bicicleta y senderismo, excursiones en barco y paseos a caballo, entre otras experiencias, hacen de Hacienda del Conde un destino \u201cExclusive Leisure\u201d, orientado al bienestar y basado en el entorno natural<\/p><\/blockquote>\n<h4>GASTRONOM\u00cdA Y GOLF<\/h4>\n<p>En el\u00a0<a href=\"https:\/\/www.hosteltur.com\/tag\/gastronomia-hotelera\">plano gastron\u00f3mico<\/a>, el restaurante de alta cocina y vanguardia\u00a0<strong>Salazar<\/strong>, as\u00ed como\u00a0<strong>El Pandano Pool Bar, La Tasca y Buenavista<\/strong>\u00a0-con un concepto buffet para desayunos y cenas-, promueven el producto kil\u00f3metro cero y los platos saludables, adem\u00e1s de recetas que incorporan sabores del mundo.<br \/>\n\t\t\t\t\t\t\t\t\t\t\t\t<img loading=\"lazy\" decoding=\"async\" width=\"1024\" height=\"740\" src=\"https:\/\/www.viap.es\/wp-content\/uploads\/2022\/01\/L_190222_melia-hacienda-del-conde-el-patio-r-1-1024x740.jpg\" alt=\"\" loading=\"lazy\" srcset=\"https:\/\/www.viap.es\/wp-content\/uploads\/2022\/01\/L_190222_melia-hacienda-del-conde-el-patio-r-1-1024x740.jpg 1024w, https:\/\/www.viap.es\/wp-content\/uploads\/2022\/01\/L_190222_melia-hacienda-del-conde-el-patio-r-1-300x217.jpg 300w, https:\/\/www.viap.es\/wp-content\/uploads\/2022\/01\/L_190222_melia-hacienda-del-conde-el-patio-r-1-768x555.jpg 768w, https:\/\/www.viap.es\/wp-content\/uploads\/2022\/01\/L_190222_melia-hacienda-del-conde-el-patio-r-1.jpg 1200w\" sizes=\"auto, (max-width: 1024px) 100vw, 1024px\" \/>\t\t\t\t\t\t\t\t\t\t\t\t\t\t<\/p>\n<p>Sus amplios espacios exteriores recuerdan a los de un peque\u00f1o pueblo tradicional. En la imagen, El Patio.\u00a0<br \/>Por su parte Buenavista Golf, dise\u00f1ado por Severiano Ballesteros, es el lugar ideal para los aficionados que buscan una verdadera experiencia de golf en contacto con la naturaleza. Tiene 18 hoyos, con par 72 y una longitud de seis kil\u00f3metros. Algunos de esos hoyos est\u00e1n tan cerca de la costa que dan al jugador la sensaci\u00f3n de golpear la bola directamente hacia el oc\u00e9ano. Los hu\u00e9spedes de Hacienda del Conde disfrutan de tarifas especiales para green fees.\u00a0<\/p>\n<p>Para Meli\u00e1 Hotels International, seg\u00fan explican desde la marca, \u201cesta nueva colecci\u00f3n de hoteles es un paso m\u00e1s en su estrategia de diferenciaci\u00f3n y de apostar por un turismo de m\u00e1s calidad donde se potencie el descubrimiento y la autenticidad de los destinos, ya sea la esencia de una ciudad, un exclusivo destino vacacional o un remoto y ex\u00f3tico paraje natural. Con este foco, la compa\u00f1\u00eda abre tambi\u00e9n una nueva v\u00eda de crecimiento que busca incorporar a The Meli\u00e1 Collection hoteles de personalidad propia y muy arraigados en el lugar\u201d.<\/p>\n","protected":false},"excerpt":{"rendered":"<p>Ubicado en una hacienda canaria de m\u00e1s de 250 a\u00f1os, el hotel como destino ofrece espacios que estimulan la conexi\u00f3n mental y espiritual En su oferta destacan propuestas wellness, su rica gastronom\u00eda en cuatro restaurantes y el campo de golf pr\u00f3ximo, dise\u00f1ado por Ballesteros La nueva colecci\u00f3n de hoteles de Meli\u00e1 responde a la estrategia [&hellip;]<\/p>\n","protected":false},"author":1,"featured_media":7791,"comment_status":"closed","ping_status":"closed","sticky":false,"template":"","format":"standard","meta":{"footnotes":""},"categories":[48],"tags":[],"class_list":["post-7575","post","type-post","status-publish","format-standard","has-post-thumbnail","hentry","category-uncategorized-ca"],"acf":[],"yoast_head":"<!-- This site is optimized with the Yoast SEO plugin v27.5 - https:\/\/yoast.com\/product\/yoast-seo-wordpress\/ -->\n<title>The Meli\u00e1 Collection estrena el seu primer hotel a Espanya - Viap Travel<\/title>\n<meta name=\"robots\" content=\"index, follow, max-snippet:-1, max-image-preview:large, max-video-preview:-1\" \/>\n<link rel=\"canonical\" href=\"https:\/\/www.viap.es\/ca\/the-melia-collection-estrena-el-seu-primer-hotel-a-espanya\/\" \/>\n<meta property=\"og:locale\" content=\"ca_ES\" \/>\n<meta property=\"og:type\" content=\"article\" \/>\n<meta property=\"og:title\" content=\"The Meli\u00e1 Collection estrena el seu primer hotel a Espanya - Viap Travel\" \/>\n<meta property=\"og:description\" content=\"Ubicado en una hacienda canaria de m\u00e1s de 250 a\u00f1os, el hotel como destino ofrece espacios que estimulan la conexi\u00f3n mental y espiritual En su oferta destacan propuestas wellness, su rica gastronom\u00eda en cuatro restaurantes y el campo de golf pr\u00f3ximo, dise\u00f1ado por Ballesteros La nueva colecci\u00f3n de hoteles de Meli\u00e1 responde a la estrategia [&hellip;]\" \/>\n<meta property=\"og:url\" content=\"https:\/\/www.viap.es\/ca\/the-melia-collection-estrena-el-seu-primer-hotel-a-espanya\/\" \/>\n<meta property=\"og:site_name\" content=\"Viap Travel\" \/>\n<meta property=\"article:published_time\" content=\"2022-07-19T07:32:35+00:00\" \/>\n<meta property=\"article:modified_time\" content=\"2022-09-06T09:24:22+00:00\" \/>\n<meta property=\"og:image\" content=\"https:\/\/www.viap.es\/wp-content\/uploads\/2022\/07\/L_190140_melia-hacienda-del-conde-gral-r.jpg\" \/>\n\t<meta property=\"og:image:width\" content=\"1200\" \/>\n\t<meta property=\"og:image:height\" content=\"798\" \/>\n\t<meta property=\"og:image:type\" content=\"image\/jpeg\" \/>\n<meta name=\"author\" content=\"VIAP travel\" \/>\n<meta name=\"twitter:card\" content=\"summary_large_image\" \/>\n<meta name=\"twitter:label1\" content=\"Escrit per\" \/>\n\t<meta name=\"twitter:data1\" content=\"VIAP travel\" \/>\n\t<meta name=\"twitter:label2\" content=\"Temps estimat de lectura\" \/>\n\t<meta name=\"twitter:data2\" content=\"4 minuts\" \/>\n<script type=\"application\/ld+json\" class=\"yoast-schema-graph\">{\"@context\":\"https:\\\/\\\/schema.org\",\"@graph\":[{\"@type\":\"Article\",\"@id\":\"https:\\\/\\\/www.viap.es\\\/ca\\\/the-melia-collection-estrena-el-seu-primer-hotel-a-espanya\\\/#article\",\"isPartOf\":{\"@id\":\"https:\\\/\\\/www.viap.es\\\/ca\\\/the-melia-collection-estrena-el-seu-primer-hotel-a-espanya\\\/\"},\"author\":{\"name\":\"VIAP travel\",\"@id\":\"https:\\\/\\\/www.viap.es\\\/ca\\\/#\\\/schema\\\/person\\\/c7e1b78ddd2eb45cdb1f9cdfb6a887d4\"},\"headline\":\"The Meli\u00e1 Collection estrena el seu primer hotel a Espanya\",\"datePublished\":\"2022-07-19T07:32:35+00:00\",\"dateModified\":\"2022-09-06T09:24:22+00:00\",\"mainEntityOfPage\":{\"@id\":\"https:\\\/\\\/www.viap.es\\\/ca\\\/the-melia-collection-estrena-el-seu-primer-hotel-a-espanya\\\/\"},\"wordCount\":742,\"publisher\":{\"@id\":\"https:\\\/\\\/www.viap.es\\\/ca\\\/#organization\"},\"image\":{\"@id\":\"https:\\\/\\\/www.viap.es\\\/ca\\\/the-melia-collection-estrena-el-seu-primer-hotel-a-espanya\\\/#primaryimage\"},\"thumbnailUrl\":\"https:\\\/\\\/www.viap.es\\\/wp-content\\\/uploads\\\/2022\\\/07\\\/L_190140_melia-hacienda-del-conde-gral-r.jpg\",\"articleSection\":[\"Uncategorized @ca\"],\"inLanguage\":\"ca\"},{\"@type\":\"WebPage\",\"@id\":\"https:\\\/\\\/www.viap.es\\\/ca\\\/the-melia-collection-estrena-el-seu-primer-hotel-a-espanya\\\/\",\"url\":\"https:\\\/\\\/www.viap.es\\\/ca\\\/the-melia-collection-estrena-el-seu-primer-hotel-a-espanya\\\/\",\"name\":\"The Meli\u00e1 Collection estrena el seu primer hotel a Espanya - Viap Travel\",\"isPartOf\":{\"@id\":\"https:\\\/\\\/www.viap.es\\\/ca\\\/#website\"},\"primaryImageOfPage\":{\"@id\":\"https:\\\/\\\/www.viap.es\\\/ca\\\/the-melia-collection-estrena-el-seu-primer-hotel-a-espanya\\\/#primaryimage\"},\"image\":{\"@id\":\"https:\\\/\\\/www.viap.es\\\/ca\\\/the-melia-collection-estrena-el-seu-primer-hotel-a-espanya\\\/#primaryimage\"},\"thumbnailUrl\":\"https:\\\/\\\/www.viap.es\\\/wp-content\\\/uploads\\\/2022\\\/07\\\/L_190140_melia-hacienda-del-conde-gral-r.jpg\",\"datePublished\":\"2022-07-19T07:32:35+00:00\",\"dateModified\":\"2022-09-06T09:24:22+00:00\",\"breadcrumb\":{\"@id\":\"https:\\\/\\\/www.viap.es\\\/ca\\\/the-melia-collection-estrena-el-seu-primer-hotel-a-espanya\\\/#breadcrumb\"},\"inLanguage\":\"ca\",\"potentialAction\":[{\"@type\":\"ReadAction\",\"target\":[\"https:\\\/\\\/www.viap.es\\\/ca\\\/the-melia-collection-estrena-el-seu-primer-hotel-a-espanya\\\/\"]}]},{\"@type\":\"ImageObject\",\"inLanguage\":\"ca\",\"@id\":\"https:\\\/\\\/www.viap.es\\\/ca\\\/the-melia-collection-estrena-el-seu-primer-hotel-a-espanya\\\/#primaryimage\",\"url\":\"https:\\\/\\\/www.viap.es\\\/wp-content\\\/uploads\\\/2022\\\/07\\\/L_190140_melia-hacienda-del-conde-gral-r.jpg\",\"contentUrl\":\"https:\\\/\\\/www.viap.es\\\/wp-content\\\/uploads\\\/2022\\\/07\\\/L_190140_melia-hacienda-del-conde-gral-r.jpg\",\"width\":1200,\"height\":798},{\"@type\":\"BreadcrumbList\",\"@id\":\"https:\\\/\\\/www.viap.es\\\/ca\\\/the-melia-collection-estrena-el-seu-primer-hotel-a-espanya\\\/#breadcrumb\",\"itemListElement\":[{\"@type\":\"ListItem\",\"position\":1,\"name\":\"Portada\",\"item\":\"https:\\\/\\\/www.viap.es\\\/ca\\\/\"},{\"@type\":\"ListItem\",\"position\":2,\"name\":\"The Meli\u00e1 Collection estrena el seu primer hotel a Espanya\"}]},{\"@type\":\"WebSite\",\"@id\":\"https:\\\/\\\/www.viap.es\\\/ca\\\/#website\",\"url\":\"https:\\\/\\\/www.viap.es\\\/ca\\\/\",\"name\":\"Viap Travel\",\"description\":\"Viap Travel\",\"publisher\":{\"@id\":\"https:\\\/\\\/www.viap.es\\\/ca\\\/#organization\"},\"potentialAction\":[{\"@type\":\"SearchAction\",\"target\":{\"@type\":\"EntryPoint\",\"urlTemplate\":\"https:\\\/\\\/www.viap.es\\\/ca\\\/?s={search_term_string}\"},\"query-input\":{\"@type\":\"PropertyValueSpecification\",\"valueRequired\":true,\"valueName\":\"search_term_string\"}}],\"inLanguage\":\"ca\"},{\"@type\":\"Organization\",\"@id\":\"https:\\\/\\\/www.viap.es\\\/ca\\\/#organization\",\"name\":\"Viap Travel\",\"url\":\"https:\\\/\\\/www.viap.es\\\/ca\\\/\",\"logo\":{\"@type\":\"ImageObject\",\"inLanguage\":\"ca\",\"@id\":\"https:\\\/\\\/www.viap.es\\\/ca\\\/#\\\/schema\\\/logo\\\/image\\\/\",\"url\":\"https:\\\/\\\/www.viap.es\\\/wp-content\\\/uploads\\\/2022\\\/06\\\/logo.png\",\"contentUrl\":\"https:\\\/\\\/www.viap.es\\\/wp-content\\\/uploads\\\/2022\\\/06\\\/logo.png\",\"width\":263,\"height\":48,\"caption\":\"Viap Travel\"},\"image\":{\"@id\":\"https:\\\/\\\/www.viap.es\\\/ca\\\/#\\\/schema\\\/logo\\\/image\\\/\"}},{\"@type\":\"Person\",\"@id\":\"https:\\\/\\\/www.viap.es\\\/ca\\\/#\\\/schema\\\/person\\\/c7e1b78ddd2eb45cdb1f9cdfb6a887d4\",\"name\":\"VIAP travel\",\"image\":{\"@type\":\"ImageObject\",\"inLanguage\":\"ca\",\"@id\":\"https:\\\/\\\/secure.gravatar.com\\\/avatar\\\/68a600ff6193d794e4405699184772d5e948d6a70af4bb852363bbb600ddcf1e?s=96&d=mm&r=g\",\"url\":\"https:\\\/\\\/secure.gravatar.com\\\/avatar\\\/68a600ff6193d794e4405699184772d5e948d6a70af4bb852363bbb600ddcf1e?s=96&d=mm&r=g\",\"contentUrl\":\"https:\\\/\\\/secure.gravatar.com\\\/avatar\\\/68a600ff6193d794e4405699184772d5e948d6a70af4bb852363bbb600ddcf1e?s=96&d=mm&r=g\",\"caption\":\"VIAP travel\"}}]}<\/script>\n<!-- \/ Yoast SEO plugin. -->","yoast_head_json":{"title":"The Meli\u00e1 Collection estrena el seu primer hotel a Espanya - Viap Travel","robots":{"index":"index","follow":"follow","max-snippet":"max-snippet:-1","max-image-preview":"max-image-preview:large","max-video-preview":"max-video-preview:-1"},"canonical":"https:\/\/www.viap.es\/ca\/the-melia-collection-estrena-el-seu-primer-hotel-a-espanya\/","og_locale":"ca_ES","og_type":"article","og_title":"The Meli\u00e1 Collection estrena el seu primer hotel a Espanya - Viap Travel","og_description":"Ubicado en una hacienda canaria de m\u00e1s de 250 a\u00f1os, el hotel como destino ofrece espacios que estimulan la conexi\u00f3n mental y espiritual En su oferta destacan propuestas wellness, su rica gastronom\u00eda en cuatro restaurantes y el campo de golf pr\u00f3ximo, dise\u00f1ado por Ballesteros La nueva colecci\u00f3n de hoteles de Meli\u00e1 responde a la estrategia [&hellip;]","og_url":"https:\/\/www.viap.es\/ca\/the-melia-collection-estrena-el-seu-primer-hotel-a-espanya\/","og_site_name":"Viap Travel","article_published_time":"2022-07-19T07:32:35+00:00","article_modified_time":"2022-09-06T09:24:22+00:00","og_image":[{"width":1200,"height":798,"url":"https:\/\/www.viap.es\/wp-content\/uploads\/2022\/07\/L_190140_melia-hacienda-del-conde-gral-r.jpg","type":"image\/jpeg"}],"author":"VIAP travel","twitter_card":"summary_large_image","twitter_misc":{"Escrit per":"VIAP travel","Temps estimat de lectura":"4 minuts"},"schema":{"@context":"https:\/\/schema.org","@graph":[{"@type":"Article","@id":"https:\/\/www.viap.es\/ca\/the-melia-collection-estrena-el-seu-primer-hotel-a-espanya\/#article","isPartOf":{"@id":"https:\/\/www.viap.es\/ca\/the-melia-collection-estrena-el-seu-primer-hotel-a-espanya\/"},"author":{"name":"VIAP travel","@id":"https:\/\/www.viap.es\/ca\/#\/schema\/person\/c7e1b78ddd2eb45cdb1f9cdfb6a887d4"},"headline":"The Meli\u00e1 Collection estrena el seu primer hotel a Espanya","datePublished":"2022-07-19T07:32:35+00:00","dateModified":"2022-09-06T09:24:22+00:00","mainEntityOfPage":{"@id":"https:\/\/www.viap.es\/ca\/the-melia-collection-estrena-el-seu-primer-hotel-a-espanya\/"},"wordCount":742,"publisher":{"@id":"https:\/\/www.viap.es\/ca\/#organization"},"image":{"@id":"https:\/\/www.viap.es\/ca\/the-melia-collection-estrena-el-seu-primer-hotel-a-espanya\/#primaryimage"},"thumbnailUrl":"https:\/\/www.viap.es\/wp-content\/uploads\/2022\/07\/L_190140_melia-hacienda-del-conde-gral-r.jpg","articleSection":["Uncategorized @ca"],"inLanguage":"ca"},{"@type":"WebPage","@id":"https:\/\/www.viap.es\/ca\/the-melia-collection-estrena-el-seu-primer-hotel-a-espanya\/","url":"https:\/\/www.viap.es\/ca\/the-melia-collection-estrena-el-seu-primer-hotel-a-espanya\/","name":"The Meli\u00e1 Collection estrena el seu primer hotel a Espanya - Viap Travel","isPartOf":{"@id":"https:\/\/www.viap.es\/ca\/#website"},"primaryImageOfPage":{"@id":"https:\/\/www.viap.es\/ca\/the-melia-collection-estrena-el-seu-primer-hotel-a-espanya\/#primaryimage"},"image":{"@id":"https:\/\/www.viap.es\/ca\/the-melia-collection-estrena-el-seu-primer-hotel-a-espanya\/#primaryimage"},"thumbnailUrl":"https:\/\/www.viap.es\/wp-content\/uploads\/2022\/07\/L_190140_melia-hacienda-del-conde-gral-r.jpg","datePublished":"2022-07-19T07:32:35+00:00","dateModified":"2022-09-06T09:24:22+00:00","breadcrumb":{"@id":"https:\/\/www.viap.es\/ca\/the-melia-collection-estrena-el-seu-primer-hotel-a-espanya\/#breadcrumb"},"inLanguage":"ca","potentialAction":[{"@type":"ReadAction","target":["https:\/\/www.viap.es\/ca\/the-melia-collection-estrena-el-seu-primer-hotel-a-espanya\/"]}]},{"@type":"ImageObject","inLanguage":"ca","@id":"https:\/\/www.viap.es\/ca\/the-melia-collection-estrena-el-seu-primer-hotel-a-espanya\/#primaryimage","url":"https:\/\/www.viap.es\/wp-content\/uploads\/2022\/07\/L_190140_melia-hacienda-del-conde-gral-r.jpg","contentUrl":"https:\/\/www.viap.es\/wp-content\/uploads\/2022\/07\/L_190140_melia-hacienda-del-conde-gral-r.jpg","width":1200,"height":798},{"@type":"BreadcrumbList","@id":"https:\/\/www.viap.es\/ca\/the-melia-collection-estrena-el-seu-primer-hotel-a-espanya\/#breadcrumb","itemListElement":[{"@type":"ListItem","position":1,"name":"Portada","item":"https:\/\/www.viap.es\/ca\/"},{"@type":"ListItem","position":2,"name":"The Meli\u00e1 Collection estrena el seu primer hotel a Espanya"}]},{"@type":"WebSite","@id":"https:\/\/www.viap.es\/ca\/#website","url":"https:\/\/www.viap.es\/ca\/","name":"Viap Travel","description":"Viap Travel","publisher":{"@id":"https:\/\/www.viap.es\/ca\/#organization"},"potentialAction":[{"@type":"SearchAction","target":{"@type":"EntryPoint","urlTemplate":"https:\/\/www.viap.es\/ca\/?s={search_term_string}"},"query-input":{"@type":"PropertyValueSpecification","valueRequired":true,"valueName":"search_term_string"}}],"inLanguage":"ca"},{"@type":"Organization","@id":"https:\/\/www.viap.es\/ca\/#organization","name":"Viap Travel","url":"https:\/\/www.viap.es\/ca\/","logo":{"@type":"ImageObject","inLanguage":"ca","@id":"https:\/\/www.viap.es\/ca\/#\/schema\/logo\/image\/","url":"https:\/\/www.viap.es\/wp-content\/uploads\/2022\/06\/logo.png","contentUrl":"https:\/\/www.viap.es\/wp-content\/uploads\/2022\/06\/logo.png","width":263,"height":48,"caption":"Viap Travel"},"image":{"@id":"https:\/\/www.viap.es\/ca\/#\/schema\/logo\/image\/"}},{"@type":"Person","@id":"https:\/\/www.viap.es\/ca\/#\/schema\/person\/c7e1b78ddd2eb45cdb1f9cdfb6a887d4","name":"VIAP travel","image":{"@type":"ImageObject","inLanguage":"ca","@id":"https:\/\/secure.gravatar.com\/avatar\/68a600ff6193d794e4405699184772d5e948d6a70af4bb852363bbb600ddcf1e?s=96&d=mm&r=g","url":"https:\/\/secure.gravatar.com\/avatar\/68a600ff6193d794e4405699184772d5e948d6a70af4bb852363bbb600ddcf1e?s=96&d=mm&r=g","contentUrl":"https:\/\/secure.gravatar.com\/avatar\/68a600ff6193d794e4405699184772d5e948d6a70af4bb852363bbb600ddcf1e?s=96&d=mm&r=g","caption":"VIAP travel"}}]}},"_links":{"self":[{"href":"https:\/\/www.viap.es\/ca\/wp-json\/wp\/v2\/posts\/7575","targetHints":{"allow":["GET"]}}],"collection":[{"href":"https:\/\/www.viap.es\/ca\/wp-json\/wp\/v2\/posts"}],"about":[{"href":"https:\/\/www.viap.es\/ca\/wp-json\/wp\/v2\/types\/post"}],"author":[{"embeddable":true,"href":"https:\/\/www.viap.es\/ca\/wp-json\/wp\/v2\/users\/1"}],"replies":[{"embeddable":true,"href":"https:\/\/www.viap.es\/ca\/wp-json\/wp\/v2\/comments?post=7575"}],"version-history":[{"count":0,"href":"https:\/\/www.viap.es\/ca\/wp-json\/wp\/v2\/posts\/7575\/revisions"}],"wp:featuredmedia":[{"embeddable":true,"href":"https:\/\/www.viap.es\/ca\/wp-json\/wp\/v2\/media\/7791"}],"wp:attachment":[{"href":"https:\/\/www.viap.es\/ca\/wp-json\/wp\/v2\/media?parent=7575"}],"wp:term":[{"taxonomy":"category","embeddable":true,"href":"https:\/\/www.viap.es\/ca\/wp-json\/wp\/v2\/categories?post=7575"},{"taxonomy":"post_tag","embeddable":true,"href":"https:\/\/www.viap.es\/ca\/wp-json\/wp\/v2\/tags?post=7575"}],"curies":[{"name":"wp","href":"https:\/\/api.w.org\/{rel}","templated":true}]}}