{"id":7580,"date":"2022-07-19T09:34:19","date_gmt":"2022-07-19T07:34:19","guid":{"rendered":"https:\/\/www.viap.es\/quines-son-les-motxilles-ideals-per-viatjar-amb-avio\/"},"modified":"2022-09-06T11:24:19","modified_gmt":"2022-09-06T09:24:19","slug":"quines-son-les-motxilles-ideals-per-viatjar-amb-avio","status":"publish","type":"post","link":"https:\/\/www.viap.es\/ca\/quines-son-les-motxilles-ideals-per-viatjar-amb-avio\/","title":{"rendered":"Quines s\u00f3n les motxilles ideals per viatjar amb avi\u00f3"},"content":{"rendered":"<p>En este art\u00edculo vas a poder ver\u00a0<a href=\"https:\/\/www.economiadigital.es\/tendenciashoy\/arte\/moda\/exposicion-bolsos-de-mano.html\">algunas de las mejores mochilas<\/a>\u00a0que puedes comprar ahora mismo para llevarlas contigo en el avi\u00f3n. Sobre todo\u00a0<a href=\"https:\/\/www.economiadigital.es\/tendenciashoy\/viajeros\/aerolineas\/cual-es-el-tamano-maximo-del-equipaje-de-mano-en-los-aviones.html\">en aerol\u00edneas donde limitan el tama\u00f1o del equipaje de mano<\/a>.<br \/>\nTodas ellas son de las denominadas de cabina, con las medidas exactas para que no tengas problemas y con muy buena calidad en todos los casos.<\/p>\n<h3><strong>FORVVARD MALETA DE MANO<\/strong><\/h3>\n<p><a href=\"https:\/\/www.amazon.es\/equipaje-Ryanair-enganche-resistente-organizador\/dp\/B07V2M9Q6B\/ref=sr_1_1?keywords=Forvvard&amp;qid=1642093020&amp;sr=8-1&amp;th=1?&amp;tag=tendenciashoy-21\" target=\"_blank\" rel=\"noreferrer noopener nofollow\">La bolsa de viaje\u00a0<strong>Forvvard<\/strong><\/a><strong>,\u00a0<\/strong>est\u00e1fabricada en Italia con buena calidad, fiable y con buena resistencia en el tiempo. Su precio se sit\u00faa en 38,97 euros.<br \/>\nLa maleta de mano Forvvard, de lona de poli\u00e9ster impermeable, es compatible con las pol\u00edticas de equipaje de todas las aerol\u00edneas<br \/>\n\t\t\t\t\t\t\t\t\t\t\t\t<img loading=\"lazy\" decoding=\"async\" width=\"768\" height=\"483\" src=\"https:\/\/www.viap.es\/wp-content\/uploads\/2022\/01\/Forvard-768x483.jpg.webp\" alt=\"\" loading=\"lazy\" srcset=\"https:\/\/www.viap.es\/wp-content\/uploads\/2022\/01\/Forvard-768x483.jpg.webp 768w, https:\/\/www.viap.es\/wp-content\/uploads\/2022\/01\/Forvard-768x483.jpg-300x189.webp 300w\" sizes=\"auto, (max-width: 768px) 100vw, 768px\" \/>\t\t\t\t\t\t\t\t\t\t\t\t\t\t<\/p>\n<p>Est\u00e1 fabricada en lona de poli\u00e9ster impermeable con una correa para el hombro, cremallera y costuras resistentes.<\/p>\n<p>Sus medidas son de 40 x 20 x 25 cm, siendo compatible con las nuevas pol\u00edticas de equipaje de compa\u00f1\u00edas como\u00a0<strong>Ryanair<\/strong>\u00a0o\u00a0<strong>Vueling<\/strong>, entre otras.<\/p>\n<p>Es una bolsa de viaje con apertura tipo libro, organizador interior para cosm\u00e9ticos, ropa interior, chanclas, etc; con un bolsillo exterior con cremallera y con tres c\u00f3modas bandas situadas en la parte posterior para anclar la bolsa a la maleta.<\/p>\n<h3><strong>ROAMLITE<\/strong><\/h3>\n<p><a href=\"https:\/\/www.amazon.es\/dp\/B01C1Q4WTK\/?th=1?&amp;tag=tendenciashoy-21\" target=\"_blank\" rel=\"noreferrer noopener nofollow\">La bolsa de vuelo\u00a0<strong>Roamlite<\/strong><\/a><strong>,\u00a0<\/strong>con medidas 40 x 25 x 20 cm para tu viaje, hecha para ser utilizada como segunda bolsa de mano o equipaje de cabina de\u00a0<strong>Ryanair<\/strong>\u00a0o\u00a0<strong>Vueling<\/strong>, por ejemplo. Su precio es de 29,83 euros.<\/p>\n<p>\t\t\t\t\t\t\t\t\t\t\t\t<img loading=\"lazy\" decoding=\"async\" width=\"768\" height=\"576\" src=\"https:\/\/www.viap.es\/wp-content\/uploads\/2022\/01\/Roamlite-768x576.jpg.webp\" alt=\"\" loading=\"lazy\" srcset=\"https:\/\/www.viap.es\/wp-content\/uploads\/2022\/01\/Roamlite-768x576.jpg.webp 768w, https:\/\/www.viap.es\/wp-content\/uploads\/2022\/01\/Roamlite-768x576.jpg-300x225.webp 300w\" sizes=\"auto, (max-width: 768px) 100vw, 768px\" \/>\t\t\t\t\t\t\t\t\t\t\t\t\t\t<\/p>\n<p>Tiene un compartimento principal grande con cremallera de doble cierre, un bolsillo frontal con cremallera para los documentos de viaje, m\u00f3vil, c\u00e1mara, pasaporte, etc. y un bolsillo de malla.<\/p>\n<p>Lleva una cinta plana en la parte posterior para poner en la maleta.<\/p>\n<h3><strong>CABIN MAX MANHATTAN STOWAWAY<\/strong><\/h3>\n<p>El precio de la mochila\u00a0<strong><a href=\"https:\/\/www.amazon.es\/Cabin-Max-Manhattan-Stowaway-Regulaciones\/dp\/B07K4FGLMS\/ref=sr_1_1?__mk_es_ES=%C3%85M%C3%85%C5%BD%C3%95%C3%91&amp;crid=1DMB5FLWB28FT&amp;keywords=Cabin%2BMax%2BManhattan%2BStowaway&amp;qid=1642093169&amp;s=luggage&amp;sprefix=cabin%2Bmax%2Bmanhattan%2Bstowaway%2Cluggage?&amp;tag=tendenciashoy-21\" target=\"_blank\" rel=\"noreferrer noopener nofollow\">Cabin Max Manhattan Stowaway<\/a>,<\/strong>\u00a0con medidas de 40 x 20 x 25 cm con una generosa capacidad de 20 litros, haciendo que sea ideal para llevar en cabina, ya que es compatible con las nuevas restricciones de equipaje de mano, es de 39,95 euros.<\/p>\n<figure><\/figure>\n<p>\t\t\t\t\t\t\t\t\t\t\t\t<img loading=\"lazy\" decoding=\"async\" width=\"768\" height=\"480\" src=\"https:\/\/www.viap.es\/wp-content\/uploads\/2022\/01\/Cabin-Max-768x480-1.jpg\" alt=\"\" loading=\"lazy\" srcset=\"https:\/\/www.viap.es\/wp-content\/uploads\/2022\/01\/Cabin-Max-768x480-1.jpg 768w, https:\/\/www.viap.es\/wp-content\/uploads\/2022\/01\/Cabin-Max-768x480-1-300x188.jpg 300w\" sizes=\"auto, (max-width: 768px) 100vw, 768px\" \/><br \/>\n\t\tTiene un bolsillo trasero acolchado para tecnolog\u00eda perfectamente dimensionado para iPads o tabletas, con bolsillos internos en 3D de almacenaje. Viene equipada con un asa de transporte superior, un compartimento principal con cerradura y un bolsillo frontal para guardar todo lo que se necesite.<\/p>\n<h3><strong>DAABLIZ<\/strong><\/h3>\n<p>Perfecta para las nuevas normativas\u00a0<strong>Ryanair<\/strong>\u00a0o\u00a0<strong>Vueling<\/strong>.\u00a0<strong><a href=\"https:\/\/www.amazon.es\/Daabliz-Capacidad-Antirrobo-Impermeable-Ajustable\/dp\/B07PQ9HVYL\/ref=sr_1_1?keywords=Daabliz&amp;qid=1642093364&amp;sr=8-1?&amp;tag=tendenciashoy-21\" target=\"_blank\" rel=\"noreferrer noopener nofollow\">Daabliz<\/a><\/strong>\u00a0es una mochila de viaje, para fines de semana o negocios, ideal para viajar contigo en la cabina. Su precio es de 36,90 euros.<br \/>\nUno de los compartimentos de la mochila Daabliz est\u00e1 totalmente recubierto de PVC para colocar ropa h\u00fameda totalmente separada<br \/>\n\t\t\t\t\t\t\t\t\t\t\t\t<img loading=\"lazy\" decoding=\"async\" width=\"768\" height=\"546\" src=\"https:\/\/www.viap.es\/wp-content\/uploads\/2022\/01\/Daabliz-768x546.jpg.webp\" alt=\"\" loading=\"lazy\" srcset=\"https:\/\/www.viap.es\/wp-content\/uploads\/2022\/01\/Daabliz-768x546.jpg.webp 768w, https:\/\/www.viap.es\/wp-content\/uploads\/2022\/01\/Daabliz-768x546.jpg-300x213.webp 300w\" sizes=\"auto, (max-width: 768px) 100vw, 768px\" \/>\t\t\t\t\t\t\t\t\t\t\t\t\t\t<\/p>\n<p>Lleva tres compartimentos para ropa, organizador de zapatos y neceser. Uno de los dos bolsillos superiores est\u00e1 totalmente recubierto de PVC (resistente a la lluvia), permitiendo que vuelvan a casa ropa usada o h\u00fameda totalmente separada.<\/p>\n<h3><strong>AMAZON BASICS<\/strong><\/h3>\n<p><strong><a href=\"https:\/\/www.amazon.es\/dp\/B01J24H2K0\/?&amp;tag=tendenciashoy-21\" target=\"_blank\" rel=\"noreferrer noopener nofollow\">Amazon Basics<\/a>\u00a0<\/strong>es una mochila de mano con funda interior con cremallera para ordenador port\u00e1til. Es ultraflexible y ligera, y est\u00e1 hecha en poli\u00e9ster. El valor es de 47,32 euros.<\/p>\n<p>\t\t\t\t\t\t\t\t\t\t\t\t<img loading=\"lazy\" decoding=\"async\" width=\"768\" height=\"432\" src=\"https:\/\/www.viap.es\/wp-content\/uploads\/2022\/01\/Amazon-basic-768x432.jpg.webp\" alt=\"\" loading=\"lazy\" srcset=\"https:\/\/www.viap.es\/wp-content\/uploads\/2022\/01\/Amazon-basic-768x432.jpg.webp 768w, https:\/\/www.viap.es\/wp-content\/uploads\/2022\/01\/Amazon-basic-768x432.jpg-300x169.webp 300w\" sizes=\"auto, (max-width: 768px) 100vw, 768px\" \/>\t\t\t\t\t\t\t\t\t\t\t\t\t\t<\/p>\n<p>El compartimento principal tiene espacio de malla con cremallera, estante intermedio opcional y correas de compresi\u00f3n internas y externas. El bolsillo frontal tiene un acceso f\u00e1cil para llevar documentos, por ejemplo.<\/p>\n<p>Adem\u00e1s, tiene un compartimento principal superior con organizador, espacio de almacenamiento expandible, clip para llaves e incluso un bolsillo oculto para una botella de agua.<\/p>\n<p>Noticia de\u00a0<a href=\"https:\/\/www.businessinsider.es\/mejores-mochilas-cabina-viajar-avion-991567\" target=\"_blank\" rel=\"noreferrer noopener nofollow\">Business Insider<\/a>. Autor:\u00a0<a href=\"https:\/\/www.businessinsider.es\/redaccion\/manuel-naranjo\" target=\"_blank\" rel=\"noreferrer noopener nofollow\">Manuel Naranjo<\/a><\/p>\n","protected":false},"excerpt":{"rendered":"<p>En este art\u00edculo vas a poder ver\u00a0algunas de las mejores mochilas\u00a0que puedes comprar ahora mismo para llevarlas contigo en el avi\u00f3n. Sobre todo\u00a0en aerol\u00edneas donde limitan el tama\u00f1o del equipaje de mano. Todas ellas son de las denominadas de cabina, con las medidas exactas para que no tengas problemas y con muy buena calidad en [&hellip;]<\/p>\n","protected":false},"author":1,"featured_media":7710,"comment_status":"closed","ping_status":"closed","sticky":false,"template":"","format":"standard","meta":{"footnotes":""},"categories":[48],"tags":[],"class_list":["post-7580","post","type-post","status-publish","format-standard","has-post-thumbnail","hentry","category-uncategorized-ca"],"acf":[],"yoast_head":"<!-- This site is optimized with the Yoast SEO plugin v27.5 - https:\/\/yoast.com\/product\/yoast-seo-wordpress\/ -->\n<title>Quines s\u00f3n les motxilles ideals per viatjar amb avi\u00f3 - Viap Travel<\/title>\n<meta name=\"robots\" content=\"index, follow, max-snippet:-1, max-image-preview:large, max-video-preview:-1\" \/>\n<link rel=\"canonical\" href=\"https:\/\/www.viap.es\/ca\/quines-son-les-motxilles-ideals-per-viatjar-amb-avio\/\" \/>\n<meta property=\"og:locale\" content=\"ca_ES\" \/>\n<meta property=\"og:type\" content=\"article\" \/>\n<meta property=\"og:title\" content=\"Quines s\u00f3n les motxilles ideals per viatjar amb avi\u00f3 - Viap Travel\" \/>\n<meta property=\"og:description\" content=\"En este art\u00edculo vas a poder ver\u00a0algunas de las mejores mochilas\u00a0que puedes comprar ahora mismo para llevarlas contigo en el avi\u00f3n. Sobre todo\u00a0en aerol\u00edneas donde limitan el tama\u00f1o del equipaje de mano. Todas ellas son de las denominadas de cabina, con las medidas exactas para que no tengas problemas y con muy buena calidad en [&hellip;]\" \/>\n<meta property=\"og:url\" content=\"https:\/\/www.viap.es\/ca\/quines-son-les-motxilles-ideals-per-viatjar-amb-avio\/\" \/>\n<meta property=\"og:site_name\" content=\"Viap Travel\" \/>\n<meta property=\"article:published_time\" content=\"2022-07-19T07:34:19+00:00\" \/>\n<meta property=\"article:modified_time\" content=\"2022-09-06T09:24:19+00:00\" \/>\n<meta property=\"og:image\" content=\"https:\/\/www.viap.es\/wp-content\/uploads\/2022\/07\/3-gr.jpg\" \/>\n\t<meta property=\"og:image:width\" content=\"960\" \/>\n\t<meta property=\"og:image:height\" content=\"637\" \/>\n\t<meta property=\"og:image:type\" content=\"image\/jpeg\" \/>\n<meta name=\"author\" content=\"VIAP travel\" \/>\n<meta name=\"twitter:card\" content=\"summary_large_image\" \/>\n<meta name=\"twitter:label1\" content=\"Escrit per\" \/>\n\t<meta name=\"twitter:data1\" content=\"VIAP travel\" \/>\n\t<meta name=\"twitter:label2\" content=\"Temps estimat de lectura\" \/>\n\t<meta name=\"twitter:data2\" content=\"3 minuts\" \/>\n<script type=\"application\/ld+json\" class=\"yoast-schema-graph\">{\"@context\":\"https:\\\/\\\/schema.org\",\"@graph\":[{\"@type\":\"Article\",\"@id\":\"https:\\\/\\\/www.viap.es\\\/ca\\\/quines-son-les-motxilles-ideals-per-viatjar-amb-avio\\\/#article\",\"isPartOf\":{\"@id\":\"https:\\\/\\\/www.viap.es\\\/ca\\\/quines-son-les-motxilles-ideals-per-viatjar-amb-avio\\\/\"},\"author\":{\"name\":\"VIAP travel\",\"@id\":\"https:\\\/\\\/www.viap.es\\\/ca\\\/#\\\/schema\\\/person\\\/c7e1b78ddd2eb45cdb1f9cdfb6a887d4\"},\"headline\":\"Quines s\u00f3n les motxilles ideals per viatjar amb avi\u00f3\",\"datePublished\":\"2022-07-19T07:34:19+00:00\",\"dateModified\":\"2022-09-06T09:24:19+00:00\",\"mainEntityOfPage\":{\"@id\":\"https:\\\/\\\/www.viap.es\\\/ca\\\/quines-son-les-motxilles-ideals-per-viatjar-amb-avio\\\/\"},\"wordCount\":579,\"publisher\":{\"@id\":\"https:\\\/\\\/www.viap.es\\\/ca\\\/#organization\"},\"image\":{\"@id\":\"https:\\\/\\\/www.viap.es\\\/ca\\\/quines-son-les-motxilles-ideals-per-viatjar-amb-avio\\\/#primaryimage\"},\"thumbnailUrl\":\"https:\\\/\\\/www.viap.es\\\/wp-content\\\/uploads\\\/2022\\\/07\\\/3-gr.jpg\",\"articleSection\":[\"Uncategorized @ca\"],\"inLanguage\":\"ca\"},{\"@type\":\"WebPage\",\"@id\":\"https:\\\/\\\/www.viap.es\\\/ca\\\/quines-son-les-motxilles-ideals-per-viatjar-amb-avio\\\/\",\"url\":\"https:\\\/\\\/www.viap.es\\\/ca\\\/quines-son-les-motxilles-ideals-per-viatjar-amb-avio\\\/\",\"name\":\"Quines s\u00f3n les motxilles ideals per viatjar amb avi\u00f3 - Viap Travel\",\"isPartOf\":{\"@id\":\"https:\\\/\\\/www.viap.es\\\/ca\\\/#website\"},\"primaryImageOfPage\":{\"@id\":\"https:\\\/\\\/www.viap.es\\\/ca\\\/quines-son-les-motxilles-ideals-per-viatjar-amb-avio\\\/#primaryimage\"},\"image\":{\"@id\":\"https:\\\/\\\/www.viap.es\\\/ca\\\/quines-son-les-motxilles-ideals-per-viatjar-amb-avio\\\/#primaryimage\"},\"thumbnailUrl\":\"https:\\\/\\\/www.viap.es\\\/wp-content\\\/uploads\\\/2022\\\/07\\\/3-gr.jpg\",\"datePublished\":\"2022-07-19T07:34:19+00:00\",\"dateModified\":\"2022-09-06T09:24:19+00:00\",\"breadcrumb\":{\"@id\":\"https:\\\/\\\/www.viap.es\\\/ca\\\/quines-son-les-motxilles-ideals-per-viatjar-amb-avio\\\/#breadcrumb\"},\"inLanguage\":\"ca\",\"potentialAction\":[{\"@type\":\"ReadAction\",\"target\":[\"https:\\\/\\\/www.viap.es\\\/ca\\\/quines-son-les-motxilles-ideals-per-viatjar-amb-avio\\\/\"]}]},{\"@type\":\"ImageObject\",\"inLanguage\":\"ca\",\"@id\":\"https:\\\/\\\/www.viap.es\\\/ca\\\/quines-son-les-motxilles-ideals-per-viatjar-amb-avio\\\/#primaryimage\",\"url\":\"https:\\\/\\\/www.viap.es\\\/wp-content\\\/uploads\\\/2022\\\/07\\\/3-gr.jpg\",\"contentUrl\":\"https:\\\/\\\/www.viap.es\\\/wp-content\\\/uploads\\\/2022\\\/07\\\/3-gr.jpg\",\"width\":960,\"height\":637},{\"@type\":\"BreadcrumbList\",\"@id\":\"https:\\\/\\\/www.viap.es\\\/ca\\\/quines-son-les-motxilles-ideals-per-viatjar-amb-avio\\\/#breadcrumb\",\"itemListElement\":[{\"@type\":\"ListItem\",\"position\":1,\"name\":\"Portada\",\"item\":\"https:\\\/\\\/www.viap.es\\\/ca\\\/\"},{\"@type\":\"ListItem\",\"position\":2,\"name\":\"Quines s\u00f3n les motxilles ideals per viatjar amb avi\u00f3\"}]},{\"@type\":\"WebSite\",\"@id\":\"https:\\\/\\\/www.viap.es\\\/ca\\\/#website\",\"url\":\"https:\\\/\\\/www.viap.es\\\/ca\\\/\",\"name\":\"Viap Travel\",\"description\":\"Viap Travel\",\"publisher\":{\"@id\":\"https:\\\/\\\/www.viap.es\\\/ca\\\/#organization\"},\"potentialAction\":[{\"@type\":\"SearchAction\",\"target\":{\"@type\":\"EntryPoint\",\"urlTemplate\":\"https:\\\/\\\/www.viap.es\\\/ca\\\/?s={search_term_string}\"},\"query-input\":{\"@type\":\"PropertyValueSpecification\",\"valueRequired\":true,\"valueName\":\"search_term_string\"}}],\"inLanguage\":\"ca\"},{\"@type\":\"Organization\",\"@id\":\"https:\\\/\\\/www.viap.es\\\/ca\\\/#organization\",\"name\":\"Viap Travel\",\"url\":\"https:\\\/\\\/www.viap.es\\\/ca\\\/\",\"logo\":{\"@type\":\"ImageObject\",\"inLanguage\":\"ca\",\"@id\":\"https:\\\/\\\/www.viap.es\\\/ca\\\/#\\\/schema\\\/logo\\\/image\\\/\",\"url\":\"https:\\\/\\\/www.viap.es\\\/wp-content\\\/uploads\\\/2022\\\/06\\\/logo.png\",\"contentUrl\":\"https:\\\/\\\/www.viap.es\\\/wp-content\\\/uploads\\\/2022\\\/06\\\/logo.png\",\"width\":263,\"height\":48,\"caption\":\"Viap Travel\"},\"image\":{\"@id\":\"https:\\\/\\\/www.viap.es\\\/ca\\\/#\\\/schema\\\/logo\\\/image\\\/\"}},{\"@type\":\"Person\",\"@id\":\"https:\\\/\\\/www.viap.es\\\/ca\\\/#\\\/schema\\\/person\\\/c7e1b78ddd2eb45cdb1f9cdfb6a887d4\",\"name\":\"VIAP travel\",\"image\":{\"@type\":\"ImageObject\",\"inLanguage\":\"ca\",\"@id\":\"https:\\\/\\\/secure.gravatar.com\\\/avatar\\\/68a600ff6193d794e4405699184772d5e948d6a70af4bb852363bbb600ddcf1e?s=96&d=mm&r=g\",\"url\":\"https:\\\/\\\/secure.gravatar.com\\\/avatar\\\/68a600ff6193d794e4405699184772d5e948d6a70af4bb852363bbb600ddcf1e?s=96&d=mm&r=g\",\"contentUrl\":\"https:\\\/\\\/secure.gravatar.com\\\/avatar\\\/68a600ff6193d794e4405699184772d5e948d6a70af4bb852363bbb600ddcf1e?s=96&d=mm&r=g\",\"caption\":\"VIAP travel\"}}]}<\/script>\n<!-- \/ Yoast SEO plugin. -->","yoast_head_json":{"title":"Quines s\u00f3n les motxilles ideals per viatjar amb avi\u00f3 - Viap Travel","robots":{"index":"index","follow":"follow","max-snippet":"max-snippet:-1","max-image-preview":"max-image-preview:large","max-video-preview":"max-video-preview:-1"},"canonical":"https:\/\/www.viap.es\/ca\/quines-son-les-motxilles-ideals-per-viatjar-amb-avio\/","og_locale":"ca_ES","og_type":"article","og_title":"Quines s\u00f3n les motxilles ideals per viatjar amb avi\u00f3 - Viap Travel","og_description":"En este art\u00edculo vas a poder ver\u00a0algunas de las mejores mochilas\u00a0que puedes comprar ahora mismo para llevarlas contigo en el avi\u00f3n. Sobre todo\u00a0en aerol\u00edneas donde limitan el tama\u00f1o del equipaje de mano. Todas ellas son de las denominadas de cabina, con las medidas exactas para que no tengas problemas y con muy buena calidad en [&hellip;]","og_url":"https:\/\/www.viap.es\/ca\/quines-son-les-motxilles-ideals-per-viatjar-amb-avio\/","og_site_name":"Viap Travel","article_published_time":"2022-07-19T07:34:19+00:00","article_modified_time":"2022-09-06T09:24:19+00:00","og_image":[{"width":960,"height":637,"url":"https:\/\/www.viap.es\/wp-content\/uploads\/2022\/07\/3-gr.jpg","type":"image\/jpeg"}],"author":"VIAP travel","twitter_card":"summary_large_image","twitter_misc":{"Escrit per":"VIAP travel","Temps estimat de lectura":"3 minuts"},"schema":{"@context":"https:\/\/schema.org","@graph":[{"@type":"Article","@id":"https:\/\/www.viap.es\/ca\/quines-son-les-motxilles-ideals-per-viatjar-amb-avio\/#article","isPartOf":{"@id":"https:\/\/www.viap.es\/ca\/quines-son-les-motxilles-ideals-per-viatjar-amb-avio\/"},"author":{"name":"VIAP travel","@id":"https:\/\/www.viap.es\/ca\/#\/schema\/person\/c7e1b78ddd2eb45cdb1f9cdfb6a887d4"},"headline":"Quines s\u00f3n les motxilles ideals per viatjar amb avi\u00f3","datePublished":"2022-07-19T07:34:19+00:00","dateModified":"2022-09-06T09:24:19+00:00","mainEntityOfPage":{"@id":"https:\/\/www.viap.es\/ca\/quines-son-les-motxilles-ideals-per-viatjar-amb-avio\/"},"wordCount":579,"publisher":{"@id":"https:\/\/www.viap.es\/ca\/#organization"},"image":{"@id":"https:\/\/www.viap.es\/ca\/quines-son-les-motxilles-ideals-per-viatjar-amb-avio\/#primaryimage"},"thumbnailUrl":"https:\/\/www.viap.es\/wp-content\/uploads\/2022\/07\/3-gr.jpg","articleSection":["Uncategorized @ca"],"inLanguage":"ca"},{"@type":"WebPage","@id":"https:\/\/www.viap.es\/ca\/quines-son-les-motxilles-ideals-per-viatjar-amb-avio\/","url":"https:\/\/www.viap.es\/ca\/quines-son-les-motxilles-ideals-per-viatjar-amb-avio\/","name":"Quines s\u00f3n les motxilles ideals per viatjar amb avi\u00f3 - Viap Travel","isPartOf":{"@id":"https:\/\/www.viap.es\/ca\/#website"},"primaryImageOfPage":{"@id":"https:\/\/www.viap.es\/ca\/quines-son-les-motxilles-ideals-per-viatjar-amb-avio\/#primaryimage"},"image":{"@id":"https:\/\/www.viap.es\/ca\/quines-son-les-motxilles-ideals-per-viatjar-amb-avio\/#primaryimage"},"thumbnailUrl":"https:\/\/www.viap.es\/wp-content\/uploads\/2022\/07\/3-gr.jpg","datePublished":"2022-07-19T07:34:19+00:00","dateModified":"2022-09-06T09:24:19+00:00","breadcrumb":{"@id":"https:\/\/www.viap.es\/ca\/quines-son-les-motxilles-ideals-per-viatjar-amb-avio\/#breadcrumb"},"inLanguage":"ca","potentialAction":[{"@type":"ReadAction","target":["https:\/\/www.viap.es\/ca\/quines-son-les-motxilles-ideals-per-viatjar-amb-avio\/"]}]},{"@type":"ImageObject","inLanguage":"ca","@id":"https:\/\/www.viap.es\/ca\/quines-son-les-motxilles-ideals-per-viatjar-amb-avio\/#primaryimage","url":"https:\/\/www.viap.es\/wp-content\/uploads\/2022\/07\/3-gr.jpg","contentUrl":"https:\/\/www.viap.es\/wp-content\/uploads\/2022\/07\/3-gr.jpg","width":960,"height":637},{"@type":"BreadcrumbList","@id":"https:\/\/www.viap.es\/ca\/quines-son-les-motxilles-ideals-per-viatjar-amb-avio\/#breadcrumb","itemListElement":[{"@type":"ListItem","position":1,"name":"Portada","item":"https:\/\/www.viap.es\/ca\/"},{"@type":"ListItem","position":2,"name":"Quines s\u00f3n les motxilles ideals per viatjar amb avi\u00f3"}]},{"@type":"WebSite","@id":"https:\/\/www.viap.es\/ca\/#website","url":"https:\/\/www.viap.es\/ca\/","name":"Viap Travel","description":"Viap Travel","publisher":{"@id":"https:\/\/www.viap.es\/ca\/#organization"},"potentialAction":[{"@type":"SearchAction","target":{"@type":"EntryPoint","urlTemplate":"https:\/\/www.viap.es\/ca\/?s={search_term_string}"},"query-input":{"@type":"PropertyValueSpecification","valueRequired":true,"valueName":"search_term_string"}}],"inLanguage":"ca"},{"@type":"Organization","@id":"https:\/\/www.viap.es\/ca\/#organization","name":"Viap Travel","url":"https:\/\/www.viap.es\/ca\/","logo":{"@type":"ImageObject","inLanguage":"ca","@id":"https:\/\/www.viap.es\/ca\/#\/schema\/logo\/image\/","url":"https:\/\/www.viap.es\/wp-content\/uploads\/2022\/06\/logo.png","contentUrl":"https:\/\/www.viap.es\/wp-content\/uploads\/2022\/06\/logo.png","width":263,"height":48,"caption":"Viap Travel"},"image":{"@id":"https:\/\/www.viap.es\/ca\/#\/schema\/logo\/image\/"}},{"@type":"Person","@id":"https:\/\/www.viap.es\/ca\/#\/schema\/person\/c7e1b78ddd2eb45cdb1f9cdfb6a887d4","name":"VIAP travel","image":{"@type":"ImageObject","inLanguage":"ca","@id":"https:\/\/secure.gravatar.com\/avatar\/68a600ff6193d794e4405699184772d5e948d6a70af4bb852363bbb600ddcf1e?s=96&d=mm&r=g","url":"https:\/\/secure.gravatar.com\/avatar\/68a600ff6193d794e4405699184772d5e948d6a70af4bb852363bbb600ddcf1e?s=96&d=mm&r=g","contentUrl":"https:\/\/secure.gravatar.com\/avatar\/68a600ff6193d794e4405699184772d5e948d6a70af4bb852363bbb600ddcf1e?s=96&d=mm&r=g","caption":"VIAP travel"}}]}},"_links":{"self":[{"href":"https:\/\/www.viap.es\/ca\/wp-json\/wp\/v2\/posts\/7580","targetHints":{"allow":["GET"]}}],"collection":[{"href":"https:\/\/www.viap.es\/ca\/wp-json\/wp\/v2\/posts"}],"about":[{"href":"https:\/\/www.viap.es\/ca\/wp-json\/wp\/v2\/types\/post"}],"author":[{"embeddable":true,"href":"https:\/\/www.viap.es\/ca\/wp-json\/wp\/v2\/users\/1"}],"replies":[{"embeddable":true,"href":"https:\/\/www.viap.es\/ca\/wp-json\/wp\/v2\/comments?post=7580"}],"version-history":[{"count":0,"href":"https:\/\/www.viap.es\/ca\/wp-json\/wp\/v2\/posts\/7580\/revisions"}],"wp:featuredmedia":[{"embeddable":true,"href":"https:\/\/www.viap.es\/ca\/wp-json\/wp\/v2\/media\/7710"}],"wp:attachment":[{"href":"https:\/\/www.viap.es\/ca\/wp-json\/wp\/v2\/media?parent=7580"}],"wp:term":[{"taxonomy":"category","embeddable":true,"href":"https:\/\/www.viap.es\/ca\/wp-json\/wp\/v2\/categories?post=7580"},{"taxonomy":"post_tag","embeddable":true,"href":"https:\/\/www.viap.es\/ca\/wp-json\/wp\/v2\/tags?post=7580"}],"curies":[{"name":"wp","href":"https:\/\/api.w.org\/{rel}","templated":true}]}}